{"id":26079,"date":"2025-08-12T10:23:13","date_gmt":"2025-08-12T10:23:13","guid":{"rendered":"https:\/\/www.europesays.com\/pt\/26079\/"},"modified":"2025-08-12T10:23:13","modified_gmt":"2025-08-12T10:23:13","slug":"everton-quer-contratar-medio-do-benfica-neste-mercado","status":"publish","type":"post","link":"https:\/\/www.europesays.com\/pt\/26079\/","title":{"rendered":"Everton quer contratar m\u00e9dio do Benfica neste mercado"},"content":{"rendered":"<p>O Everton quer refor\u00e7ar o meio-campo no mercado. Depois de contratar Kiernan Dewsbury-Hall ao Chelsea, a prioridade dos toffees passa por um m\u00e9dio defensivo e, de acordo com Nico Schira, Florentino Lu\u00eds \u00e9 o alvo.<\/p>\n<p>O m\u00e9dio internacional sub-21 portugu\u00eas tem interessados na Premier League e na Serie A, com <a href=\"https:\/\/bolanarede.pt\/especial-bola-na-rede\/atualidade\/as-roma-tem-contratacao-de-medio-do-benfica-como-sonho-para-os-ultimos-dias-do-mercado\/\" target=\"_blank\" rel=\"noreferrer noopener nofollow\">a AS Roma<\/a> e <a href=\"https:\/\/bolanarede.pt\/especial-bola-na-rede\/atualidade\/benfica-napoles-pode-avancar-por-florentino-luis-nas-proximas-semanas\/\" target=\"_blank\" rel=\"noreferrer noopener nofollow\">o N\u00e1poles<\/a> a liderar a corrida pela sua contrata\u00e7\u00e3o. <\/p>\n<p>Lan\u00e7ado a partir do banco nos dois jogos do Benfica esta temporada,\u00a0<a href=\"https:\/\/bolanarede.pt\/especial-bola-na-rede\/atualidade\/florentino-luis-deixa-garantia-sobre-o-seu-futuro-no-benfica-vou-dar-o-meu-maximo-durante-os-dois-anos-que-tenho-de-contrato\/\" target=\"_blank\" rel=\"noreferrer noopener nofollow\">Florentino Lu\u00eds j\u00e1 abordou o futuro<\/a>. Tamb\u00e9m Bruno Lage <a href=\"https:\/\/bolanarede.pt\/especial-bola-na-rede\/atualidade\/bruno-lage-explica-novo-papel-de-florentino-luis-no-benfica-quero-competitividade-entre-jogadores\/\" target=\"_blank\" rel=\"noreferrer noopener nofollow\">j\u00e1 explicou o novo papel do m\u00e9dio no Benfica<\/a>, depois da perda de espa\u00e7o com a chegada de Enzo Barrenechea.<\/p>\n","protected":false},"excerpt":{"rendered":"O Everton quer refor\u00e7ar o meio-campo no mercado. Depois de contratar Kiernan Dewsbury-Hall ao Chelsea, a prioridade dos&hellip;\n","protected":false},"author":2,"featured_media":26080,"comment_status":"","ping_status":"","sticky":false,"template":"","format":"standard","meta":{"footnotes":""},"categories":[87],"tags":[260,51,135,478,3016,6170,32,666,479,33,134],"class_list":{"0":"post-26079","1":"post","2":"type-post","3":"status-publish","4":"format-standard","5":"has-post-thumbnail","7":"category-desporto","8":"tag-atualidade","9":"tag-benfica","10":"tag-desporto","11":"tag-destaques-bnr","12":"tag-everton","13":"tag-florentino-luis","14":"tag-portugal","15":"tag-premier-league","16":"tag-primeira-liga","17":"tag-pt","18":"tag-sports"},"share_on_mastodon":{"url":"","error":""},"_links":{"self":[{"href":"https:\/\/www.europesays.com\/pt\/wp-json\/wp\/v2\/posts\/26079","targetHints":{"allow":["GET"]}}],"collection":[{"href":"https:\/\/www.europesays.com\/pt\/wp-json\/wp\/v2\/posts"}],"about":[{"href":"https:\/\/www.europesays.com\/pt\/wp-json\/wp\/v2\/types\/post"}],"author":[{"embeddable":true,"href":"https:\/\/www.europesays.com\/pt\/wp-json\/wp\/v2\/users\/2"}],"replies":[{"embeddable":true,"href":"https:\/\/www.europesays.com\/pt\/wp-json\/wp\/v2\/comments?post=26079"}],"version-history":[{"count":0,"href":"https:\/\/www.europesays.com\/pt\/wp-json\/wp\/v2\/posts\/26079\/revisions"}],"wp:featuredmedia":[{"embeddable":true,"href":"https:\/\/www.europesays.com\/pt\/wp-json\/wp\/v2\/media\/26080"}],"wp:attachment":[{"href":"https:\/\/www.europesays.com\/pt\/wp-json\/wp\/v2\/media?parent=26079"}],"wp:term":[{"taxonomy":"category","embeddable":true,"href":"https:\/\/www.europesays.com\/pt\/wp-json\/wp\/v2\/categories?post=26079"},{"taxonomy":"post_tag","embeddable":true,"href":"https:\/\/www.europesays.com\/pt\/wp-json\/wp\/v2\/tags?post=26079"}],"curies":[{"name":"wp","href":"https:\/\/api.w.org\/{rel}","templated":true}]}}