{"id":261015,"date":"2026-02-07T23:36:09","date_gmt":"2026-02-07T23:36:09","guid":{"rendered":"https:\/\/www.europesays.com\/pt\/261015\/"},"modified":"2026-02-07T23:36:09","modified_gmt":"2026-02-07T23:36:09","slug":"com-patio-central-e-120-metros-quadrados-essa-casa-em-l-prova-que-e-possivel-ter-luxo-e-funcionalidade-em-lotes-estreitos","status":"publish","type":"post","link":"https:\/\/www.europesays.com\/pt\/261015\/","title":{"rendered":"Com p\u00e1tio central e 120 metros quadrados, essa casa em L prova que \u00e9 poss\u00edvel ter luxo e funcionalidade em lotes estreitos"},"content":{"rendered":"<p>Esta <strong>casa em L<\/strong> com 120 metros quadrados demonstra como a arquitetura inteligente pode transformar terrenos limitados em ref\u00fagios luxuosos. O projeto prioriza a conex\u00e3o constante com a natureza atrav\u00e9s de <strong>p\u00e1tios estrat\u00e9gicos<\/strong> e ventila\u00e7\u00e3o cruzada.<\/p>\n<p>Por que a planta de uma casa em L favorece terrenos estreitos?<\/p>\n<p>A implanta\u00e7\u00e3o da <strong>casa em L<\/strong> \u00e9 uma solu\u00e7\u00e3o t\u00e9cnica brilhante para garantir <strong>privacidade em rela\u00e7\u00e3o \u00e0 rua<\/strong> enquanto abre toda a resid\u00eancia para o interior do lote. Esse arranjo abra\u00e7a o quintal, criando um <strong>p\u00e1tio verde central<\/strong> que funciona como o cora\u00e7\u00e3o do lar.<\/p>\n<p>Ao concentrar as aberturas para o centro do terreno, a fam\u00edlia consegue aproveitar o jardim como uma extens\u00e3o real da sala de estar. Essa estrat\u00e9gia n\u00e3o apenas melhora a est\u00e9tica, mas maximiza a <strong>ilumina\u00e7\u00e3o natural<\/strong> e a circula\u00e7\u00e3o de ar em todos os c\u00f4modos.<\/p>\n<p><img fetchpriority=\"high\" decoding=\"async\" class=\"wp-image-378143 size-full\" src=\"data:image\/svg+xml,%3Csvg%20xmlns=\" http:=\"\" alt=\"Ao concentrar as aberturas para o centro do terreno, a fam\u00edlia consegue aproveitar o jardim como uma extens\u00e3o real da sala de estar.\" width=\"1280\" height=\"720\" data-lazy- data-lazy- data-lazy-src=\"https:\/\/www.europesays.com\/pt\/wp-content\/uploads\/2026\/02\/Generated-image-1-13-1-e1767986095674.png\"\/>Ao concentrar as aberturas para o centro do terreno, a fam\u00edlia consegue aproveitar o jardim como uma extens\u00e3o real da sala de estar.<br \/>\nComo a \u00e1rea social da casa em L integra o jardim?<\/p>\n<p>A ala social ocupa um dos bra\u00e7os principais do projeto, unindo <strong>sala de estar, jantar e cozinha<\/strong> em um ambiente aberto e fluido. Essa integra\u00e7\u00e3o promove uma sensa\u00e7\u00e3o de amplitude surpreendente, ideal para quem valoriza a conviv\u00eancia familiar constante.<\/p>\n<p>Grandes <strong>portas de vidro de correr<\/strong> eliminam as barreiras entre o interno e o externo, facilitando momentos de lazer e recep\u00e7\u00f5es. O canal <a href=\"https:\/\/www.youtube.com\/@trop\" target=\"_blank\" rel=\"noopener nofollow\"><strong>Tropic<\/strong><\/a>, que conta com mais de <strong>395 mil inscritos<\/strong>, apresenta este modelo como uma refer\u00eancia em funcionalidade moderna. Confira os detalhes no v\u00eddeo abaixo:<\/p>\n<p>Quais s\u00e3o as divis\u00f5es da \u00e1rea \u00edntima nesta casa em L?<\/p>\n<p>O outro bra\u00e7o do projeto reserva total tranquilidade para a <strong>\u00e1rea \u00edntima<\/strong>, que \u00e9 composta por <strong>3 quartos<\/strong>, sendo <strong>2 su\u00edtes<\/strong> espa\u00e7osas. Cada dormit\u00f3rio foi posicionado para receber ventila\u00e7\u00e3o direta e vistas privilegiadas do p\u00e1tio interno.<\/p>\n<p>Al\u00e9m das su\u00edtes, o layout contempla um <strong>escrit\u00f3rio vers\u00e1til<\/strong>, atendendo \u00e0s necessidades contempor\u00e2neas de home office ou sala de estudos. O uso de <strong>marcenaria planejada<\/strong> em todo o setor \u00edntimo garante que cada metro quadrado seja aproveitado com m\u00e1xima efici\u00eancia.<\/p>\n<p>Qual o valor investido para construir esta casa em L?<\/p>\n<p>O custo estimado para tirar este projeto do papel gira entre <strong>R$ 500.000 e R$ 580.000<\/strong>, considerando um padr\u00e3o de acabamento m\u00e9dio-alto. Esse investimento inclui itens de luxo como a <strong>lareira de pedra<\/strong>, caixilhos de vidro amplos e o paisagismo completo.<\/p>\n<p>Para viabilizar o projeto, o modelo \u00e9 indicado para fam\u00edlias com <strong>renda mensal de at\u00e9 R$ 15.000<\/strong>. Essa faixa salarial \u00e9 compat\u00edvel com linhas de cr\u00e9dito imobili\u00e1rio, como as da <strong>Caixa Econ\u00f4mica Federal<\/strong>, garantindo o equil\u00edbrio entre o sonho da casa pr\u00f3pria e a sa\u00fade financeira.<\/p>\n<p>Quais cuidados s\u00e3o essenciais na constru\u00e7\u00e3o deste projeto?<\/p>\n<p>Executar uma obra com volumetria complexa exige planejamento rigoroso, desde a <strong>funda\u00e7\u00e3o<\/strong> at\u00e9 os revestimentos finais. Antes de iniciar, \u00e9 fundamental entender as etapas cr\u00edticas que garantem a durabilidade e o isolamento t\u00e9rmico da resid\u00eancia.<\/p>\n<p>Abaixo, detalhamos as prioridades construtivas para garantir que o resultado final seja fiel ao design minimalista proposto:<\/p>\n<ul>\n<li><strong>Funda\u00e7\u00e3o e estrutura:<\/strong> aten\u00e7\u00e3o redobrada na distribui\u00e7\u00e3o de cargas no v\u00e9rtice do L;<\/li>\n<li><strong>Instala\u00e7\u00f5es integradas:<\/strong> layout el\u00e9trico e hidr\u00e1ulico planejado para n\u00e3o interferir nos v\u00e3os abertos;<\/li>\n<li><strong>Esquadrias de alto padr\u00e3o:<\/strong> vidros do piso ao teto com foco em seguran\u00e7a e ac\u00fastica;<\/li>\n<li><strong>Paisagismo estrat\u00e9gico:<\/strong> escolha de vegeta\u00e7\u00e3o adaptada para compor o p\u00e1tio central.<\/li>\n<\/ul>\n<p>Para facilitar a visualiza\u00e7\u00e3o do cronograma de obra, organizamos as etapas principais e os elementos de maior impacto visual na tabela comparativa a seguir:<\/p>\n<p>Planejamento arquitet\u00f4nico 2026<\/p>\n<p>Cronograma de execu\u00e7\u00e3o e elementos de design<\/p>\n<p>Elemento de destaque<\/p>\n<p>V\u00e3os livres<\/p>\n<p>Foco principal<\/p>\n<p>Amplitude visual<\/p>\n<p>Elemento de destaque<\/p>\n<p>Lareira de pedra<\/p>\n<p>Foco principal<\/p>\n<p>Conforto e aconchego<\/p>\n<p>Etapa da obra<\/p>\n<p>\u00c1rea externa<\/p>\n<p>03<\/p>\n<p>Elemento de destaque<\/p>\n<p>Deck e pergolado<\/p>\n<p>Foco principal<\/p>\n<p>Integra\u00e7\u00e3o com lazer<\/p>\n<p>Etapa da obra<\/p>\n<p>Ilumina\u00e7\u00e3o<\/p>\n<p>04<\/p>\n<p>Elemento de destaque<\/p>\n<p>Pontos de led<\/p>\n<p>Foco principal<\/p>\n<p>Valoriza\u00e7\u00e3o da fachada<\/p>\n<p>A integra\u00e7\u00e3o harmoniosa entre estrutura e ilumina\u00e7\u00e3o define o alto padr\u00e3o residencial.<\/p>\n<p>Especifica\u00e7\u00e3o t\u00e9cnica\u00a0<\/p>\n<p>O design minimalista como ref\u00fagio para a vida contempor\u00e2nea<\/p>\n<p>Optar por uma <strong>casa em L<\/strong> com est\u00e9tica minimalista \u00e9 escolher um estilo de vida pr\u00e1tico, elegante e em sintonia com a natureza. A uni\u00e3o entre materiais naturais e linhas retas cria um impacto duradouro que valoriza o im\u00f3vel e proporciona um bem-estar inigual\u00e1vel para toda a fam\u00edlia.<\/p>\n","protected":false},"excerpt":{"rendered":"Esta casa em L com 120 metros quadrados demonstra como a arquitetura inteligente pode transformar terrenos limitados em&hellip;\n","protected":false},"author":2,"featured_media":261016,"comment_status":"","ping_status":"","sticky":false,"template":"","format":"standard","meta":{"footnotes":"","_share_on_mastodon":"0"},"categories":[144],"tags":[48322,207,205,206,203,201,202,204,114,115,17976,32,47841,33],"class_list":["post-261015","post","type-post","status-publish","format-standard","has-post-thumbnail","category-arte-e-design","tag-arquitetura-minimalista","tag-arte","tag-arte-e-design","tag-artedesign","tag-arts","tag-arts-and-design","tag-artsanddesign","tag-design","tag-entertainment","tag-entretenimento","tag-obra","tag-portugal","tag-projeto-de-casa","tag-pt"],"share_on_mastodon":{"url":"https:\/\/pubeurope.com\/@pt\/116031978424782775","error":""},"_links":{"self":[{"href":"https:\/\/www.europesays.com\/pt\/wp-json\/wp\/v2\/posts\/261015","targetHints":{"allow":["GET"]}}],"collection":[{"href":"https:\/\/www.europesays.com\/pt\/wp-json\/wp\/v2\/posts"}],"about":[{"href":"https:\/\/www.europesays.com\/pt\/wp-json\/wp\/v2\/types\/post"}],"author":[{"embeddable":true,"href":"https:\/\/www.europesays.com\/pt\/wp-json\/wp\/v2\/users\/2"}],"replies":[{"embeddable":true,"href":"https:\/\/www.europesays.com\/pt\/wp-json\/wp\/v2\/comments?post=261015"}],"version-history":[{"count":0,"href":"https:\/\/www.europesays.com\/pt\/wp-json\/wp\/v2\/posts\/261015\/revisions"}],"wp:featuredmedia":[{"embeddable":true,"href":"https:\/\/www.europesays.com\/pt\/wp-json\/wp\/v2\/media\/261016"}],"wp:attachment":[{"href":"https:\/\/www.europesays.com\/pt\/wp-json\/wp\/v2\/media?parent=261015"}],"wp:term":[{"taxonomy":"category","embeddable":true,"href":"https:\/\/www.europesays.com\/pt\/wp-json\/wp\/v2\/categories?post=261015"},{"taxonomy":"post_tag","embeddable":true,"href":"https:\/\/www.europesays.com\/pt\/wp-json\/wp\/v2\/tags?post=261015"}],"curies":[{"name":"wp","href":"https:\/\/api.w.org\/{rel}","templated":true}]}}