{"id":26105,"date":"2025-08-12T10:54:09","date_gmt":"2025-08-12T10:54:09","guid":{"rendered":"https:\/\/www.europesays.com\/pt\/26105\/"},"modified":"2025-08-12T10:54:09","modified_gmt":"2025-08-12T10:54:09","slug":"catarina-miranda-ri-se-da-expulsao-de-bruno-de-carvalho-mas-tambem-ela-ja-foi-expulsa-recorde-big-brother","status":"publish","type":"post","link":"https:\/\/www.europesays.com\/pt\/26105\/","title":{"rendered":"Catarina Miranda ri-se da expuls\u00e3o de Bruno de Carvalho, mas tamb\u00e9m ela j\u00e1 foi expulsa. Recorde &#8211; Big Brother"},"content":{"rendered":"<p style=\"margin-bottom:11px\">Catarina Miranda e Afonso Leit\u00e3o n\u00e3o esconderam a felicidade pelo que aconteceu no Big Brother Ver\u00e3o. Ap\u00f3s a expuls\u00e3o direta de Bruno de Carvalho, devido a um gesto pol\u00e9mico, um pontap\u00e9, Catarina Miranda gabou-se do seu valor no programa. No alpendre, tanto Afonso Leit\u00e3o como Catarina Miranda, mostraram n\u00e3o estar arrependidos de nada.<\/p>\n<p>\u00abN\u00e3o me arrependo de nada\u00bb, disse Catarina Miranda. Contudo, tamb\u00e9m Catarina Miranda tamb\u00e9m foi expulsa de um reality show da TVI. Catarina Miranda partiu um copo no Big Brother 2024 durante uma discuss\u00e3o e acabou a magoar um colega. <a href=\"https:\/\/tvi.iol.pt\/bigbrother\/catarina-miranda\/joao-oliveira\/catarina-miranda-perde-as-estribeiras-com-joao-oliveira-e-parte-copo-achas-que-isto-sao-atitudes\" rel=\"nofollow noopener\" target=\"_blank\">Ap\u00f3s o gesto pol\u00e9mico, tamb\u00e9m foi expulsa diretamente do programa.\u00a0<\/a><\/p>\n<p>Como tudo aconteceu com Catarina Miranda <\/p>\n<p style=\"margin-bottom:11px\">A expuls\u00e3o direta de Catarina Miranda do Big Brother 2024 vai ficar para sempre na mem\u00f3ria dos f\u00e3s do programa. O momento foi marcante e inesquec\u00edvel e come\u00e7ou por causa de uma discuss\u00e3o da concorrente de Almeirim com Jo\u00e3o Oliveira.<\/p>\n<p>Catarina Miranda perdeu a cabe\u00e7a e atirou com um copo. Os estilha\u00e7os acabaram a atingir o concorrente Gabriel Sousa. Nessa noite, <a href=\"https:\/\/tvi.iol.pt\/bigbrother\/videos\/do-inicio-ao-fim-as-imagens-polemicas-do-copo-a-expulsao-de-catarina-miranda-e-todas-as-reacoes-veja-tudo\/66468c460cf2723ac01cb538\" rel=\"nofollow noopener\" target=\"_blank\">Catarina Miranda acabou a ser expulsa diretamente pelo Big Brother e ficou lavada em l\u00e1grimas.<\/a> Ningu\u00e9m na casa queria acreditar no que estava a acontecer, nem a pr\u00f3pria. As imagens do momento s\u00e3o muito marcantes.<\/p>\n<p>Veja o v\u00eddeo e recorde um dos momentos mais dram\u00e1ticos de sempre da hist\u00f3ria do Big Brother em Portugal. \u00a0<\/p>\n<p>VEJA TAMB\u00c9M:\u00a0<a href=\"https:\/\/tvi.iol.pt\/bigbrother\/francisco-monteiro\/passaporte\/um-dos-momentos-mais-marcantes-de-sempre-do-big-brother-o-dia-em-que-francisco-monteiro-fez-um-buraco-na-parede\" rel=\"nofollow noopener\" target=\"_blank\">Um dos momentos mais marcantes de sempre do Big Brother: O dia em que Francisco Monteiro fez um buraco na parede<\/a>\u00a0<\/p>\n<p>\u00a0<\/p>\n","protected":false},"excerpt":{"rendered":"Catarina Miranda e Afonso Leit\u00e3o n\u00e3o esconderam a felicidade pelo que aconteceu no Big Brother Ver\u00e3o. Ap\u00f3s a&hellip;\n","protected":false},"author":2,"featured_media":26106,"comment_status":"","ping_status":"","sticky":false,"template":"","format":"standard","meta":{"footnotes":""},"categories":[142],"tags":[331,48,341,342,329,333,328,335,336,114,115,334,743,332,330,13,32,33,151,162,227],"class_list":{"0":"post-26105","1":"post","2":"type-post","3":"status-publish","4":"format-standard","5":"has-post-thumbnail","7":"category-tv","8":"tag-big","9":"tag-big-brother","10":"tag-bruno-de-carvalho","11":"tag-catarina-miranda","12":"tag-claudio-ramos","13":"tag-comentadores","14":"tag-concorrentes","15":"tag-confrontos","16":"tag-discussoes","17":"tag-entertainment","18":"tag-entretenimento","19":"tag-exclusivos","20":"tag-expulsao","21":"tag-expulso","22":"tag-gala","23":"tag-noticias","24":"tag-portugal","25":"tag-pt","26":"tag-tv","27":"tag-tvi","28":"tag-videos"},"share_on_mastodon":{"url":"","error":""},"_links":{"self":[{"href":"https:\/\/www.europesays.com\/pt\/wp-json\/wp\/v2\/posts\/26105","targetHints":{"allow":["GET"]}}],"collection":[{"href":"https:\/\/www.europesays.com\/pt\/wp-json\/wp\/v2\/posts"}],"about":[{"href":"https:\/\/www.europesays.com\/pt\/wp-json\/wp\/v2\/types\/post"}],"author":[{"embeddable":true,"href":"https:\/\/www.europesays.com\/pt\/wp-json\/wp\/v2\/users\/2"}],"replies":[{"embeddable":true,"href":"https:\/\/www.europesays.com\/pt\/wp-json\/wp\/v2\/comments?post=26105"}],"version-history":[{"count":0,"href":"https:\/\/www.europesays.com\/pt\/wp-json\/wp\/v2\/posts\/26105\/revisions"}],"wp:featuredmedia":[{"embeddable":true,"href":"https:\/\/www.europesays.com\/pt\/wp-json\/wp\/v2\/media\/26106"}],"wp:attachment":[{"href":"https:\/\/www.europesays.com\/pt\/wp-json\/wp\/v2\/media?parent=26105"}],"wp:term":[{"taxonomy":"category","embeddable":true,"href":"https:\/\/www.europesays.com\/pt\/wp-json\/wp\/v2\/categories?post=26105"},{"taxonomy":"post_tag","embeddable":true,"href":"https:\/\/www.europesays.com\/pt\/wp-json\/wp\/v2\/tags?post=26105"}],"curies":[{"name":"wp","href":"https:\/\/api.w.org\/{rel}","templated":true}]}}