{"id":261163,"date":"2026-02-08T02:20:13","date_gmt":"2026-02-08T02:20:13","guid":{"rendered":"https:\/\/www.europesays.com\/pt\/261163\/"},"modified":"2026-02-08T02:20:13","modified_gmt":"2026-02-08T02:20:13","slug":"meu-tudo-vito-ex-noivo-de-sonia-jesus-abracado-a-pessoa-especial","status":"publish","type":"post","link":"https:\/\/www.europesays.com\/pt\/261163\/","title":{"rendered":"&#8220;Meu tudo&#8221;: Vit\u00f3, ex-noivo de S\u00f3nia Jesus, abra\u00e7ado a pessoa especial!"},"content":{"rendered":"<p>Um pai babado. Assim \u00e9 <a href=\"https:\/\/selfie.iol.pt\/famosos\/big-brother\/separado-de-sonia-jesus-vito-beija-pessoa-especial-meu-tudo\/20251220\/6946f006d34e2bd5c6d55c4a\" target=\"_blank\" rel=\"nofollow noopener\">Vit\u00f3<\/a>, como o pr\u00f3prio comprovou, recentemente, mais uma vez.<\/p>\n<p>No Instagram, o ex-noivo de <a href=\"https:\/\/selfie.iol.pt\/famosos\/sonia-jesus\/sonia-jesus-faz-emotivo-desabafo-curar-doi\/20260123\/6973bea9d34e92a34497ee81\" target=\"_blank\" rel=\"nofollow noopener\">S\u00f3nia Jesus<\/a> partilhou uma fotografia, na qual se mostra, a mimar o filho, Fabian.<\/p>\n<p>&#8220;Meu tudo&#8221;, assinalou Vit\u00f3 na legenda do registo, demonstrando, assim, que, ap\u00f3s a separa\u00e7\u00e3o, tem encontrado ref\u00fagio no amor dos filhos.<\/p>\n<p>Recorde-se que Fabian \u00e9 fruto do noivado, entretanto terminado, de Vit\u00f3 com S\u00f3nia Jesus. O ex-casal tem mais duas filhas: Na\u00edsa e Maiara.<\/p>\n<p>Veja, agora, a imagem partilhada por Vit\u00f3 na galeria de fotografias que prepar\u00e1mos para si.<\/p>\n","protected":false},"excerpt":{"rendered":"Um pai babado. Assim \u00e9 Vit\u00f3, como o pr\u00f3prio comprovou, recentemente, mais uma vez. No Instagram, o ex-noivo&hellip;\n","protected":false},"author":2,"featured_media":196567,"comment_status":"","ping_status":"","sticky":false,"template":"","format":"standard","meta":{"footnotes":"","_share_on_mastodon":"0"},"categories":[85],"tags":[48,114,115,981,980,1870,619,32,33,1014,1012,20528,162,23668,25099],"class_list":["post-261163","post","type-post","status-publish","format-standard","has-post-thumbnail","category-entretenimento","tag-big-brother","tag-entertainment","tag-entretenimento","tag-familia","tag-famosos","tag-filhos","tag-nacional","tag-portugal","tag-pt","tag-reality-show","tag-selfie","tag-sonia-jesus","tag-tvi","tag-vito","tag-vitor-soares"],"share_on_mastodon":{"url":"https:\/\/pubeurope.com\/@pt\/116032623254312150","error":""},"_links":{"self":[{"href":"https:\/\/www.europesays.com\/pt\/wp-json\/wp\/v2\/posts\/261163","targetHints":{"allow":["GET"]}}],"collection":[{"href":"https:\/\/www.europesays.com\/pt\/wp-json\/wp\/v2\/posts"}],"about":[{"href":"https:\/\/www.europesays.com\/pt\/wp-json\/wp\/v2\/types\/post"}],"author":[{"embeddable":true,"href":"https:\/\/www.europesays.com\/pt\/wp-json\/wp\/v2\/users\/2"}],"replies":[{"embeddable":true,"href":"https:\/\/www.europesays.com\/pt\/wp-json\/wp\/v2\/comments?post=261163"}],"version-history":[{"count":0,"href":"https:\/\/www.europesays.com\/pt\/wp-json\/wp\/v2\/posts\/261163\/revisions"}],"wp:featuredmedia":[{"embeddable":true,"href":"https:\/\/www.europesays.com\/pt\/wp-json\/wp\/v2\/media\/196567"}],"wp:attachment":[{"href":"https:\/\/www.europesays.com\/pt\/wp-json\/wp\/v2\/media?parent=261163"}],"wp:term":[{"taxonomy":"category","embeddable":true,"href":"https:\/\/www.europesays.com\/pt\/wp-json\/wp\/v2\/categories?post=261163"},{"taxonomy":"post_tag","embeddable":true,"href":"https:\/\/www.europesays.com\/pt\/wp-json\/wp\/v2\/tags?post=261163"}],"curies":[{"name":"wp","href":"https:\/\/api.w.org\/{rel}","templated":true}]}}