{"id":26121,"date":"2025-08-12T11:10:09","date_gmt":"2025-08-12T11:10:09","guid":{"rendered":"https:\/\/www.europesays.com\/pt\/26121\/"},"modified":"2025-08-12T11:10:09","modified_gmt":"2025-08-12T11:10:09","slug":"vem-ai-em-a-fazenda-daniela-descobre-que-zuri-e-lukenia-andam-a-enganar-talu-novelas","status":"publish","type":"post","link":"https:\/\/www.europesays.com\/pt\/26121\/","title":{"rendered":"Vem a\u00ed em \u00abA Fazenda\u00bb: Daniela descobre que Zuri e Lukenia andam a enganar Talu &#8211; Novelas"},"content":{"rendered":"<p>Em \u00abA Fazenda\u00bb, <a href=\"https:\/\/tvi.iol.pt\/novelas\/videos\/foi-assim-que-lukenia-soube-que-samuel-e-filho-de-gaspar\/6772bbdc0cf28c51602e4db1\" rel=\"nofollow noopener\" target=\"_blank\">Lukenia (Rita Cruz)<\/a>\u00a0avisa Ana estar a pagar-lhe bem para <a href=\"https:\/\/tvi.iol.pt\/novelas\/videos\/eva-visita-talu-na-prisao-so-queria-que-nao-me-odiasses\/676ac2b70cf2f130c299a684\" rel=\"nofollow noopener\" target=\"_blank\">Talu (Evandro Gomes)<\/a>\u00a0continuar a pensar que <a href=\"https:\/\/tvi.iol.pt\/novelas\/videos\/a-fazenda-a-dificil-historia-de-vida-de-zuri\/6824bb120cf28cf88767feb9\" rel=\"nofollow noopener\" target=\"_blank\">Zuri (Madalena Arag\u00e3o)<\/a>\u00a0est\u00e1 gr\u00e1vida. <a href=\"https:\/\/tvi.iol.pt\/novelas\/videos\/nadir-e-a-raptora-de-joel\/6784f7790cf23ab655363de8\" rel=\"nofollow noopener\" target=\"_blank\">Nadir (Sharam Diniz<\/a>) diz a Lukenia ter estranhado que o aparelho de ecografia esteja avariado por ser um equipamento novo. Lukenia corta a dizer estarem ali para falar isso sim de quest\u00f5es da Moringa.<\/p>\n<p>Zuri prepara-se muito nervosa para fazer a ecografia. Vemos no monitor da m\u00e1quina um feto com dois meses, com Ana a assentir a Talu estar tudo bem com o beb\u00e9. Talu aperta a m\u00e3o de Zuri, muito emocionado.<\/p>\n<p>Ana assente a Lukenia que Talu n\u00e3o desconfiou que as imagens que viu na ecografia eram de outra mulher gr\u00e1vida e n\u00e3o de Zuri. <a href=\"https:\/\/tvi.iol.pt\/novelas\/videos\/daniela-recusa-dar-aulas-a-lili-por-ciumes\/675300360cf2f130c2999df9\" rel=\"nofollow noopener\" target=\"_blank\">Daniela (Soraia Tavares)<\/a>\u00a0ouve tudo atenta.<\/p>\n<p>\u00a0<\/p>\n","protected":false},"excerpt":{"rendered":"Em \u00abA Fazenda\u00bb, Lukenia (Rita Cruz)\u00a0avisa Ana estar a pagar-lhe bem para Talu (Evandro Gomes)\u00a0continuar a pensar que&hellip;\n","protected":false},"author":2,"featured_media":26122,"comment_status":"","ping_status":"","sticky":false,"template":"","format":"standard","meta":{"footnotes":""},"categories":[142],"tags":[657,160,166,2582,114,115,681,157,167,164,2379,680,161,158,165,159,32,33,156,2377,2583,683,163,151,162,682],"class_list":{"0":"post-26121","1":"post","2":"type-post","3":"status-publish","4":"format-standard","5":"has-post-thumbnail","7":"category-tv","8":"tag-a-fazenda","9":"tag-ana-guiomar","10":"tag-cristina-ferreira","11":"tag-daniela","12":"tag-entertainment","13":"tag-entretenimento","14":"tag-evandro-gomes","15":"tag-festa-e-festa","16":"tag-ficcao","17":"tag-jose-fidalgo","18":"tag-lukenia","19":"tag-madalena-aragao","20":"tag-novelas","21":"tag-para-sempre","22":"tag-pedro-sousa","23":"tag-pedro-teixeira","24":"tag-portugal","25":"tag-pt","26":"tag-queridos-papas","27":"tag-rita-cruz","28":"tag-soraia-tavares","29":"tag-talu","30":"tag-tiago-teotonio-pereira","31":"tag-tv","32":"tag-tvi","33":"tag-zuri"},"share_on_mastodon":{"url":"","error":""},"_links":{"self":[{"href":"https:\/\/www.europesays.com\/pt\/wp-json\/wp\/v2\/posts\/26121","targetHints":{"allow":["GET"]}}],"collection":[{"href":"https:\/\/www.europesays.com\/pt\/wp-json\/wp\/v2\/posts"}],"about":[{"href":"https:\/\/www.europesays.com\/pt\/wp-json\/wp\/v2\/types\/post"}],"author":[{"embeddable":true,"href":"https:\/\/www.europesays.com\/pt\/wp-json\/wp\/v2\/users\/2"}],"replies":[{"embeddable":true,"href":"https:\/\/www.europesays.com\/pt\/wp-json\/wp\/v2\/comments?post=26121"}],"version-history":[{"count":0,"href":"https:\/\/www.europesays.com\/pt\/wp-json\/wp\/v2\/posts\/26121\/revisions"}],"wp:featuredmedia":[{"embeddable":true,"href":"https:\/\/www.europesays.com\/pt\/wp-json\/wp\/v2\/media\/26122"}],"wp:attachment":[{"href":"https:\/\/www.europesays.com\/pt\/wp-json\/wp\/v2\/media?parent=26121"}],"wp:term":[{"taxonomy":"category","embeddable":true,"href":"https:\/\/www.europesays.com\/pt\/wp-json\/wp\/v2\/categories?post=26121"},{"taxonomy":"post_tag","embeddable":true,"href":"https:\/\/www.europesays.com\/pt\/wp-json\/wp\/v2\/tags?post=26121"}],"curies":[{"name":"wp","href":"https:\/\/api.w.org\/{rel}","templated":true}]}}