{"id":26135,"date":"2025-08-12T11:21:14","date_gmt":"2025-08-12T11:21:14","guid":{"rendered":"https:\/\/www.europesays.com\/pt\/26135\/"},"modified":"2025-08-12T11:21:14","modified_gmt":"2025-08-12T11:21:14","slug":"filha-de-gugu-liberato-faz-declaracao-de-amor-em-aniversario-de-namoro","status":"publish","type":"post","link":"https:\/\/www.europesays.com\/pt\/26135\/","title":{"rendered":"Filha de Gugu Liberato faz declara\u00e7\u00e3o de amor em anivers\u00e1rio de namoro"},"content":{"rendered":"<p><strong>Marina Liberato<\/strong>, filha do apresentador <a href=\"https:\/\/natelinha.uol.com.br\/famosos\/tudo-sobre\/gugu-liberato\" rel=\"nofollow noopener\" target=\"_blank\">Gugu Liberato<\/a>\u00a0(1959-2019) e de <strong>Rose Miriam Di Matteo<\/strong>, completou cinco anos de namoro com Felipe Lessa nesta segunda-feira (11). A jovem, de 21 anos, publicou uma mensagem nas redes sociais para marcar a data e n\u00e3o perdeu a chance de fazer uma declara\u00e7\u00e3o de amor ao namorado.<\/p>\n<p>Em postagem no Instagram, Marina compartilhou tr\u00eas fotos ao lado de Lessa, duas delas registradas em um p\u00eder. No texto, ela destacou que o casal decidiu colocar a f\u00e9 no centro da rela\u00e7\u00e3o.<\/p>\n<p>+\u00a0<a href=\"https:\/\/natelinha.uol.com.br\/famosos\/2025\/08\/11\/giovana-cordeiro-perde-todos-os-pelos-da-sobrancelha-e-relata-perrengue-foto-229765.php\" rel=\"nofollow noopener\" target=\"_blank\">Giovana Cordeiro perde todos os pelos da sobrancelha e relata perrengue; foto<\/a><\/p>\n<p>continua depois da publicidade<\/p>\n<p>+\u00a0<a href=\"https:\/\/natelinha.uol.com.br\/famosos\/2025\/08\/11\/marcus-menna-do-ls-jack-retoma-carreira-e-prepara-turne-amarradao-229763.php\" rel=\"nofollow noopener\" target=\"_blank\">Marcus Menna, do LS Jack, retoma carreira e prepara turn\u00ea: &#8220;Amarrad\u00e3o&#8221;<\/a><\/p>\n<p>\u201cHoje celebramos 5 anos. Quando olho para tr\u00e1s e vejo todos os picos e vales que enfrentamos juntos, meu cora\u00e7\u00e3o se enche de gratid\u00e3o a Deus. A melhor decis\u00e3o que tomamos foi colocar Jesus como prioridade em nossas vidas e como o centro da nossa rela\u00e7\u00e3o. Passamos de viver sem a dire\u00e7\u00e3o d\u2019Ele para viver cada dia para Ele, e essa escolha transformou n\u00e3o apenas o nosso relacionamento, mas tamb\u00e9m quem somos individualmente\u201d, escreveu em seu post.<\/p>\n<p>Marina tamb\u00e9m afirmou que pretende manter o relacionamento por muitos anos. \u201cEu te amo para sempre e sou imensamente grata por voc\u00ea escolher me amar todos os dias\u201d, acrescentou enquanto exibia diversas imagens para comemorar a passagem do momento.<\/p>\n<p>continua depois da publicidade<\/p>\n<p>A filha de Gugu\u00a0vive nos Estados Unidos, onde estuda cinema e produ\u00e7\u00e3o de TV na Biola University, na Calif\u00f3rnia. Al\u00e9m dela, Gugu e Rose Miriam s\u00e3o pais de Sofia Liberato, irm\u00e3 g\u00eamea de Marina, e de Jo\u00e3o Augusto Liberato, de 23 anos.<\/p>\n<blockquote class=\"instagram-media\" data-instgrm-captioned=\"\" data-instgrm-version=\"7\" style=\"width:100%;\"><p>\n\t\t\t\t\t\t\t\t\t<a href=\"https:\/\/www.instagram.com\/p\/DNOtkn5yc7Y\/\" rel=\"nofollow noopener\" target=\"_blank\">\n\t\t\t\t\t\t\t\t<\/p><\/blockquote>\n<p>                    <script async src=\"\/\/www.instagram.com\/embed.js\"><\/script><\/p>\n","protected":false},"excerpt":{"rendered":"Marina Liberato, filha do apresentador Gugu Liberato\u00a0(1959-2019) e de Rose Miriam Di Matteo, completou cinco anos de namoro&hellip;\n","protected":false},"author":2,"featured_media":26136,"comment_status":"","ping_status":"","sticky":false,"template":"","format":"standard","meta":{"footnotes":""},"categories":[145],"tags":[211,210,114,115,9070,32,33],"class_list":{"0":"post-26135","1":"post","2":"type-post","3":"status-publish","4":"format-standard","5":"has-post-thumbnail","7":"category-celebridades","8":"tag-celebridades","9":"tag-celebrities","10":"tag-entertainment","11":"tag-entretenimento","12":"tag-gugu-liberato","13":"tag-portugal","14":"tag-pt"},"share_on_mastodon":{"url":"","error":""},"_links":{"self":[{"href":"https:\/\/www.europesays.com\/pt\/wp-json\/wp\/v2\/posts\/26135","targetHints":{"allow":["GET"]}}],"collection":[{"href":"https:\/\/www.europesays.com\/pt\/wp-json\/wp\/v2\/posts"}],"about":[{"href":"https:\/\/www.europesays.com\/pt\/wp-json\/wp\/v2\/types\/post"}],"author":[{"embeddable":true,"href":"https:\/\/www.europesays.com\/pt\/wp-json\/wp\/v2\/users\/2"}],"replies":[{"embeddable":true,"href":"https:\/\/www.europesays.com\/pt\/wp-json\/wp\/v2\/comments?post=26135"}],"version-history":[{"count":0,"href":"https:\/\/www.europesays.com\/pt\/wp-json\/wp\/v2\/posts\/26135\/revisions"}],"wp:featuredmedia":[{"embeddable":true,"href":"https:\/\/www.europesays.com\/pt\/wp-json\/wp\/v2\/media\/26136"}],"wp:attachment":[{"href":"https:\/\/www.europesays.com\/pt\/wp-json\/wp\/v2\/media?parent=26135"}],"wp:term":[{"taxonomy":"category","embeddable":true,"href":"https:\/\/www.europesays.com\/pt\/wp-json\/wp\/v2\/categories?post=26135"},{"taxonomy":"post_tag","embeddable":true,"href":"https:\/\/www.europesays.com\/pt\/wp-json\/wp\/v2\/tags?post=26135"}],"curies":[{"name":"wp","href":"https:\/\/api.w.org\/{rel}","templated":true}]}}