{"id":26139,"date":"2025-08-12T11:26:16","date_gmt":"2025-08-12T11:26:16","guid":{"rendered":"https:\/\/www.europesays.com\/pt\/26139\/"},"modified":"2025-08-12T11:26:16","modified_gmt":"2025-08-12T11:26:16","slug":"noah-centineo-vivera-versao-de-rambo-em-novo-filme-saiba-mais-diversao","status":"publish","type":"post","link":"https:\/\/www.europesays.com\/pt\/26139\/","title":{"rendered":"Noah Centineo viver\u00e1 vers\u00e3o de Rambo em novo filme; saiba mais | Divers\u00e3o"},"content":{"rendered":"<p>                                        Noah Centineo \u00e9 cotado para viver vers\u00e3o jovem de Rambo &#8211; AFP<\/p>\n<p class=\"content-media__description\">Noah Centineo \u00e9 cotado para viver vers\u00e3o jovem de RamboAFP<\/p>\n<p>                            Publicado 11\/08\/2025 20:47\n                    <\/p>\n<p>Rio &#8211; Ao que tudo indica, Noah Centineo \u00e9 um dos nomes mais cotados para viver uma nova vers\u00e3o de Rambo em uma prequela do personagem ic\u00f4nico. Estrela de &#8220;Para Todos os Garotos que J\u00e1 Amei&#8221;, o ator interpretar\u00e1 o papel que anteriormente foi de Sylvester Stallone.<\/p>\n<p>Segundo o portal &#8220;Deadline&#8221;, fontes ligadas \u00e0 produ\u00e7\u00e3o revelaram que o longa, cujo enredo \u00e9 mantido em segredo, deve mostrar a hist\u00f3ria de origem do jovem John Rambo durante a Guerra do Vietn\u00e3, com in\u00edcio das grava\u00e7\u00f5es planejado para o in\u00edcio de 2026, na Tail\u00e2ndia.<\/p>\n<p>Embora n\u00e3o esteja envolvido com a produ\u00e7\u00e3o, fontes afirmam que Stallone est\u00e1 ciente de todos os passos do projeto, inclusive da cota\u00e7\u00e3o de Centineo para viver o\u00a0veterano Boina Verde. A dire\u00e7\u00e3o deve ficar a cargo de\u00a0Jalmari Helander,\u00a0com roteiro da dupla\u00a0Rory Haines e Sohrab Noshirvani.<\/p>\n<p>O veterano teve sua hist\u00f3ria iniciada em 1982, em &#8220;Rambo &#8211; Programado para Matar&#8221;. Ao longo dos anos, ele ganhou mais quatro filmes: &#8220;Rambo 2 &#8211; A Miss\u00e3o&#8221; (1985), &#8220;Rambo 3&#8221; (1988), &#8220;Rambo IV&#8221; (2008) e &#8220;Rambo: At\u00e9 o Fim&#8221; (2019).<\/p>\n<p>Prov\u00e1vel respons\u00e1vel por viver a nova vers\u00e3o, Noah Centineo ganhou fama ap\u00f3s protagonizar a com\u00e9dia rom\u00e2ntica\u00a0&#8220;Para Todos os Garotos que J\u00e1 Amei&#8221; (2018). Mais recentemente, ele integrou o elenco de &#8220;Tempo de Guerra&#8221; (2025) e\u00a0interpretar\u00e1 Ken Masters na adapta\u00e7\u00e3o live-action de &#8220;Street Fighter&#8221;, com previs\u00e3o de estreia para 2026, ao lado de Jason Momoa e Andrew Koji<\/p>\n","protected":false},"excerpt":{"rendered":"Noah Centineo \u00e9 cotado para viver vers\u00e3o jovem de Rambo &#8211; AFP Noah Centineo \u00e9 cotado para viver&hellip;\n","protected":false},"author":2,"featured_media":26140,"comment_status":"","ping_status":"","sticky":false,"template":"","format":"standard","meta":{"footnotes":""},"categories":[140],"tags":[1244,114,115,147,471,148,146,9071,32,33,9072,5266],"class_list":{"0":"post-26139","1":"post","2":"type-post","3":"status-publish","4":"format-standard","5":"has-post-thumbnail","7":"category-filmes","8":"tag-ator","9":"tag-entertainment","10":"tag-entretenimento","11":"tag-film","12":"tag-filme","13":"tag-filmes","14":"tag-movies","15":"tag-noah-centineo","16":"tag-portugal","17":"tag-pt","18":"tag-rambo","19":"tag-sylvester-stallone"},"share_on_mastodon":{"url":"","error":""},"_links":{"self":[{"href":"https:\/\/www.europesays.com\/pt\/wp-json\/wp\/v2\/posts\/26139","targetHints":{"allow":["GET"]}}],"collection":[{"href":"https:\/\/www.europesays.com\/pt\/wp-json\/wp\/v2\/posts"}],"about":[{"href":"https:\/\/www.europesays.com\/pt\/wp-json\/wp\/v2\/types\/post"}],"author":[{"embeddable":true,"href":"https:\/\/www.europesays.com\/pt\/wp-json\/wp\/v2\/users\/2"}],"replies":[{"embeddable":true,"href":"https:\/\/www.europesays.com\/pt\/wp-json\/wp\/v2\/comments?post=26139"}],"version-history":[{"count":0,"href":"https:\/\/www.europesays.com\/pt\/wp-json\/wp\/v2\/posts\/26139\/revisions"}],"wp:featuredmedia":[{"embeddable":true,"href":"https:\/\/www.europesays.com\/pt\/wp-json\/wp\/v2\/media\/26140"}],"wp:attachment":[{"href":"https:\/\/www.europesays.com\/pt\/wp-json\/wp\/v2\/media?parent=26139"}],"wp:term":[{"taxonomy":"category","embeddable":true,"href":"https:\/\/www.europesays.com\/pt\/wp-json\/wp\/v2\/categories?post=26139"},{"taxonomy":"post_tag","embeddable":true,"href":"https:\/\/www.europesays.com\/pt\/wp-json\/wp\/v2\/tags?post=26139"}],"curies":[{"name":"wp","href":"https:\/\/api.w.org\/{rel}","templated":true}]}}