{"id":26143,"date":"2025-08-12T11:28:16","date_gmt":"2025-08-12T11:28:16","guid":{"rendered":"https:\/\/www.europesays.com\/pt\/26143\/"},"modified":"2025-08-12T11:28:16","modified_gmt":"2025-08-12T11:28:16","slug":"agosto-laranja-chama-atencao-para-os-desafios-e-avancos-no-cuidado-com-a-esclerose-multipla","status":"publish","type":"post","link":"https:\/\/www.europesays.com\/pt\/26143\/","title":{"rendered":"Agosto Laranja chama aten\u00e7\u00e3o para os desafios e avan\u00e7os no cuidado com a Esclerose M\u00faltipla"},"content":{"rendered":"<p> 1 <\/p>\n<p>Agosto veste\u2011se de laranja para mobilizar o pa\u00eds em torno da conscientiza\u00e7\u00e3o sobre a Esclerose M\u00faltipla (EM). Criado pela organiza\u00e7\u00e3o n\u00e3o governamental Amigos M\u00faltiplos pela Esclerose (AME), o movimento Agosto Laranja busca derrubar mitos, ampliar o acesso \u00e0 informa\u00e7\u00e3o e garantir acolhimento a quem convive com a doen\u00e7a, seus familiares e cuidadores.<\/p>\n<p>A EM \u00e9 a doen\u00e7a autoimune, do sistema nervoso central, que mais acomete jovens adultos no mundo inteiro1. Seus sintomas variam de pessoa para pessoa, mas costumam incluir fadiga intensa, altera\u00e7\u00f5es visuais, dificuldades motoras e cognitivas, entre outros sinais que impactam diretamente a qualidade de vida2. Embora ainda n\u00e3o haja cura, os tratamentos aprovados para a doen\u00e7a visam a melhora cl\u00ednica e aumento da capacidade funcional ao reduzir a ocorr\u00eancia dos surtos ao longo dos anos2.<\/p>\n<p>Estima-se que 40 mil brasileiros vivam com EM, dentro de um universo global de 2,8 milh\u00f5es de pessoas3. Usualmente acomete pessoas dos 20 aos 50 anos de idade e, em m\u00e9dia, \u00e9 duas vezes mais frequente em mulheres.2 Mesmo assim, a desinforma\u00e7\u00e3o e o estigma ainda atrasam o diagn\u00f3stico e dificultam o acesso ao tratamento.<\/p>\n<p>\u201cMuita gente ainda associa esclerose a algo exclusivo do envelhecimento, o que atrasa diagn\u00f3sticos e agrava o sofrimento. A verdade \u00e9 que a doen\u00e7a atinge, em sua maioria, mulheres jovens, em idade produtiva e reprodutiva \u2014 por isso, outro ponto importante que devemos ressaltar \u00e9 a necessidade de abordar o planejamento familiar no contexto do tratamento. Com os avan\u00e7os da medicina, j\u00e1 \u00e9 poss\u00edvel manejar a Esclerose M\u00faltipla de forma individualizada, permitindo que mulheres com EM fa\u00e7am escolhas sobre maternidade com mais seguran\u00e7a, sempre com o acompanhamento de uma equipe m\u00e9dica especializada. Falar sobre EM com clareza, acolhimento e responsabilidade \u00e9 um compromisso com o cuidado e com a inclus\u00e3o\u201d, afirma Tatiana Branco, diretora m\u00e9dica da Biogen no Brasil.<\/p>\n<p>O Agosto Laranja refor\u00e7a que informa\u00e7\u00e3o salva tempo e, no caso da Esclerose M\u00faltipla, tempo \u00e9 fun\u00e7\u00e3o neurol\u00f3gica preservada. Quanto mais cedo o diagn\u00f3stico e mais amplo o acesso ao tratamento, maiores as chances de preservar autonomia, qualidade de vida e participa\u00e7\u00e3o ativa na sociedade. Com o cuidado adequado, pessoas com EM podem ter uma vida produtiva: trabalhar, viajar, praticar esportes, formar fam\u00edlia e cultivar v\u00ednculos sociais, superando os estigmas ainda associados \u00e0 doen\u00e7a. O conhecimento \u00e9 a ponte entre o diagn\u00f3stico e a possibilidade de uma vida com mais dignidade e plenitude.<\/p>\n<p>\u201cComo empresa pioneira em neuroci\u00eancia, a Biogen tem orgulho de apoiar iniciativas como o Agosto Laranja. Seguimos comprometidos em investir em pesquisa, ampliar o acesso \u00e0 sa\u00fade e contribuir para que cada pessoa com EM tenha a chance de viver com dignidade, autonomia e possibilidades reais de cuidado\u201d, conclui Tatiana Branco.<\/p>\n<p><strong>Sobre a Biogen<\/strong><\/p>\n<p>Fundada em 1978, a Biogen \u00e9 uma empresa l\u00edder em biotecnologia, pioneira em ci\u00eancia inovadora para fornecer novos medicamentos que transformam a vida dos pacientes e criam valor para acionistas e nossas comunidades. Aplicamos uma profunda compreens\u00e3o da biologia humana e promovemos diferentes modalidades para aprimorar tratamentos ou terapias de primeira classe que propiciam resultados superiores. Nossa abordagem se direciona a assumir riscos ousados, equilibrados com o retorno de investimento objetivando prover crescimento a longo prazo.<\/p>\n<p>Rotineiramente, publicamos informa\u00e7\u00f5es que podem ser importantes para os investidores em nosso site no www.br.biogen.com. Acompanhe nossas redes sociais \u2013 Facebook, LinkedIn, X, YouTube.<\/p>\n<p>\u00a0<\/p>\n<p><strong>Refer\u00eancias:<\/strong><\/p>\n<p>Agosto Laranja.org \u2013 \u201cO que \u00e9 Esclerose M\u00faltipla?\u201d- Dispon\u00edvel em: https:\/\/agostolaranja.org.br\/ \u2013 \u00daltimo acesso em 29 de julho de 2025.<br \/>Minist\u00e9rio da Sa\u00fade \u2013 \u201cProtocolo Cl\u00ednico e Diretrizes Terap\u00eauticas Esclerose M\u00faltipla\u201d. Dispon\u00edvel em: https:\/\/www.gov.br\/conitec\/pt-br\/midias\/consultas\/relatorios\/2023\/20240418_relatorio_de_recomendacao_pcdt_emrr_cp_08.pdf \u2013 \u00daltimo acesso em 29 de julho de 2025.<br \/>Minist\u00e9rio da Sa\u00fade \u2013 Biblioteca Virtual em Sa\u00fade \u2013 \u201c\u201cEu me conecto, n\u00f3s nos conectamos\u201d: 30\/5 \u2013 Dia Mundial da Esclerose M\u00faltipla\u201d \u2013 Dispon\u00edvel em: https:\/\/bvsms.saude.gov.br\/eu-me-conecto-nos-nos-conectamos-30-5-dia-mundial-da-esclerose-multipla\/ \u2013 \u00daltimo acesso em 29 de julho de 2025.<\/p>\n","protected":false},"excerpt":{"rendered":"1 Agosto veste\u2011se de laranja para mobilizar o pa\u00eds em torno da conscientiza\u00e7\u00e3o sobre a Esclerose M\u00faltipla (EM).&hellip;\n","protected":false},"author":2,"featured_media":26144,"comment_status":"","ping_status":"","sticky":false,"template":"","format":"standard","meta":{"footnotes":""},"categories":[86],"tags":[7929,2201,4357,7134,116,32,33,117],"class_list":{"0":"post-26143","1":"post","2":"type-post","3":"status-publish","4":"format-standard","5":"has-post-thumbnail","7":"category-saude","8":"tag-conscientizacao","9":"tag-diagnostico-precoce","10":"tag-doenca","11":"tag-esclerose-multipla","12":"tag-health","13":"tag-portugal","14":"tag-pt","15":"tag-saude"},"share_on_mastodon":{"url":"","error":""},"_links":{"self":[{"href":"https:\/\/www.europesays.com\/pt\/wp-json\/wp\/v2\/posts\/26143","targetHints":{"allow":["GET"]}}],"collection":[{"href":"https:\/\/www.europesays.com\/pt\/wp-json\/wp\/v2\/posts"}],"about":[{"href":"https:\/\/www.europesays.com\/pt\/wp-json\/wp\/v2\/types\/post"}],"author":[{"embeddable":true,"href":"https:\/\/www.europesays.com\/pt\/wp-json\/wp\/v2\/users\/2"}],"replies":[{"embeddable":true,"href":"https:\/\/www.europesays.com\/pt\/wp-json\/wp\/v2\/comments?post=26143"}],"version-history":[{"count":0,"href":"https:\/\/www.europesays.com\/pt\/wp-json\/wp\/v2\/posts\/26143\/revisions"}],"wp:featuredmedia":[{"embeddable":true,"href":"https:\/\/www.europesays.com\/pt\/wp-json\/wp\/v2\/media\/26144"}],"wp:attachment":[{"href":"https:\/\/www.europesays.com\/pt\/wp-json\/wp\/v2\/media?parent=26143"}],"wp:term":[{"taxonomy":"category","embeddable":true,"href":"https:\/\/www.europesays.com\/pt\/wp-json\/wp\/v2\/categories?post=26143"},{"taxonomy":"post_tag","embeddable":true,"href":"https:\/\/www.europesays.com\/pt\/wp-json\/wp\/v2\/tags?post=26143"}],"curies":[{"name":"wp","href":"https:\/\/api.w.org\/{rel}","templated":true}]}}