{"id":261444,"date":"2026-02-08T09:10:14","date_gmt":"2026-02-08T09:10:14","guid":{"rendered":"https:\/\/www.europesays.com\/pt\/261444\/"},"modified":"2026-02-08T09:10:14","modified_gmt":"2026-02-08T09:10:14","slug":"mariana-rios-mostra-o-filho-de-perfil-e-revela-parte-do-rosto-do-herdeiro","status":"publish","type":"post","link":"https:\/\/www.europesays.com\/pt\/261444\/","title":{"rendered":"Mariana Rios mostra o filho de perfil e revela parte do rosto do herdeiro"},"content":{"rendered":"<p>A atriz e apresentadora <a href=\"https:\/\/caras.com.br\/tags\/mariana-rios\" rel=\"nofollow noopener\" target=\"_blank\"><strong>Mariana Rios<\/strong><\/a> compartilhou mais um momento com seu filho, <a href=\"https:\/\/caras.com.br\/tags\/palo\" rel=\"nofollow noopener\" target=\"_blank\"><strong>Palo<\/strong><\/a>, de 1 m\u00eas. Neste s\u00e1bado, 07, a famosa publicou uma foto com o beb\u00ea no colo e encantou ao exibir um pouquinho do rostinho do pequeno.<\/p>\n<p>Sem revelar o rosto do herdeiro ainda, a artista chamou a aten\u00e7\u00e3o ao deix\u00e1-lo aparecer no clique de perfil. Dormindo, o garoto surgiu usando um macac\u00e3o estampa, de cores claras.<\/p>\n<p>\u201cNosso s\u00e1bado\u201d, escreveu ao mostrar como agora aproveita o final de semana sendo m\u00e3e, amamentando e ficando com o beb\u00ea nos bra\u00e7os.<\/p>\n<p>\u00c9 bom lembrar que Palo \u00e9 fruto do relacionamento de Mariana Rios com o economista <a href=\"https:\/\/caras.com.br\/tags\/juca-diniz\" rel=\"nofollow noopener\" target=\"_blank\"><strong>Juca Diniz<\/strong><\/a>. A gravidez dela aconteceu ap\u00f3s um longo processo de Fertiliza\u00e7\u00e3o in Vitro (FIV).<\/p>\n<p>\t Veja o novo clique do filho de Mariana Rios: <img loading=\"lazy\" decoding=\"async\" class=\"size-full wp-image-1069739 img-fluid lazy\" alt=\"Mariana Rios mostra o filho Palo no colo\" width=\"1080\" height=\"1742\" src=\"https:\/\/www.europesays.com\/pt\/wp-content\/uploads\/2026\/02\/mariana-rios-filho.jpg\"  \/>Mariana Rios mostra o filho Palo no colo \u2013 Foto: @marianarios Mariana Rios revela se pretende mostrar o rostinho do filho <\/p>\n<p>Recentemente, Mariana Rios foi questionada por um internauta <a href=\"https:\/\/caras.com.br\/bebe\/mariana-rios-revela-se-pretende-mostrar-o-rostinho-do-filho-palo-temos-que.phtml\" rel=\"nofollow noopener\" target=\"_blank\">se pretende apresentar o filho<\/a>, Palo, aos f\u00e3s. Isso porque, at\u00e9 o momento, a atriz publicou em suas redes sociais somente fotos que n\u00e3o mostram o rostinho completo do beb\u00ea.<\/p>\n<p>A famosa, ent\u00e3o, refletiu sobre a exposi\u00e7\u00e3o na internet e explicou que planeja revelar a identidade do beb\u00ea no momento certo, uma vez que o herdeiro ainda \u00e9 bem pequeno. Ele completou 1 m\u00eas de vida em 22 de janeiro.<\/p>\n<p>\u201cNo momento certo, afinal ele acabou de chegar! Temos que ter muita cautela ao expor nossas crian\u00e7as ainda mais nos dias de hoje! Amor e cuidado sempre\u201c, declarou Mariana Rios.<\/p>\n<p> Mariana Rios revela detalhe do rostinho do filho <\/p>\n<p>Ainda nos \u00faltimos dias, Mariana Rios mostrou como s\u00e3o os olhos do filho. Em uma foto na rede social, ela exibiu o olhar dele enquanto estava no colo da av\u00f3 materna e teve gente que achou que Palo \u00e9 a cara da famosa. Isso porque, a parte revelada lembra muito a do rosto da atriz. <a href=\"https:\/\/caras.com.br\/bebe\/mariana-rios-mostra-detalhe-do-rostinho-do-filho-palo-copia-da-mamae.phtml\" rel=\"nofollow noopener\" target=\"_blank\">Veja o clique aqui!<\/a><\/p>\n<p>        <a href=\"https:\/\/caras.com.br\/autor\/nataly-paschoal\" rel=\"nofollow noopener\" target=\"_blank\">&#13;<br \/>\n          <img loading=\"lazy\" decoding=\"async\" alt=\"Nataly Paschoal\" src=\"https:\/\/www.europesays.com\/pt\/wp-content\/uploads\/2026\/02\/nataly-paschoal_sqmd.jpg\" class=\"avatar avatar-115 photo rounded-circle\" height=\"115\" width=\"115\"\/>        <\/a><\/p>\n<p><b>Nataly Paschoal <\/b>\u00e9 rep\u00f3rter de conte\u00fado do site CARAS. Formada em jornalismo pela Faculdade C\u00e1sper L\u00edbero, ela j\u00e1 passou por sites como Todateen, Sportlife e espnW. Escreve sobre celebridades, TV, reality show e novelas.<\/p>\n","protected":false},"excerpt":{"rendered":"A atriz e apresentadora Mariana Rios compartilhou mais um momento com seu filho, Palo, de 1 m\u00eas. Neste&hellip;\n","protected":false},"author":2,"featured_media":261445,"comment_status":"","ping_status":"","sticky":false,"template":"","format":"standard","meta":{"footnotes":"","_share_on_mastodon":"0"},"categories":[145],"tags":[211,210,114,115,40521,2211,15957,32,33],"class_list":["post-261444","post","type-post","status-publish","format-standard","has-post-thumbnail","category-celebridades","tag-celebridades","tag-celebrities","tag-entertainment","tag-entretenimento","tag-filho-mariana-rios","tag-mariana-rios","tag-palo","tag-portugal","tag-pt"],"share_on_mastodon":{"url":"https:\/\/pubeurope.com\/@pt\/116034235476617559","error":""},"_links":{"self":[{"href":"https:\/\/www.europesays.com\/pt\/wp-json\/wp\/v2\/posts\/261444","targetHints":{"allow":["GET"]}}],"collection":[{"href":"https:\/\/www.europesays.com\/pt\/wp-json\/wp\/v2\/posts"}],"about":[{"href":"https:\/\/www.europesays.com\/pt\/wp-json\/wp\/v2\/types\/post"}],"author":[{"embeddable":true,"href":"https:\/\/www.europesays.com\/pt\/wp-json\/wp\/v2\/users\/2"}],"replies":[{"embeddable":true,"href":"https:\/\/www.europesays.com\/pt\/wp-json\/wp\/v2\/comments?post=261444"}],"version-history":[{"count":0,"href":"https:\/\/www.europesays.com\/pt\/wp-json\/wp\/v2\/posts\/261444\/revisions"}],"wp:featuredmedia":[{"embeddable":true,"href":"https:\/\/www.europesays.com\/pt\/wp-json\/wp\/v2\/media\/261445"}],"wp:attachment":[{"href":"https:\/\/www.europesays.com\/pt\/wp-json\/wp\/v2\/media?parent=261444"}],"wp:term":[{"taxonomy":"category","embeddable":true,"href":"https:\/\/www.europesays.com\/pt\/wp-json\/wp\/v2\/categories?post=261444"},{"taxonomy":"post_tag","embeddable":true,"href":"https:\/\/www.europesays.com\/pt\/wp-json\/wp\/v2\/tags?post=261444"}],"curies":[{"name":"wp","href":"https:\/\/api.w.org\/{rel}","templated":true}]}}