{"id":2615,"date":"2025-07-26T15:27:07","date_gmt":"2025-07-26T15:27:07","guid":{"rendered":"https:\/\/www.europesays.com\/pt\/2615\/"},"modified":"2025-07-26T15:27:07","modified_gmt":"2025-07-26T15:27:07","slug":"descoberta-assinatura-de-josefa-de-obidos-em-pintura-do-palacio-nacional-de-mafra-artes","status":"publish","type":"post","link":"https:\/\/www.europesays.com\/pt\/2615\/","title":{"rendered":"Descoberta assinatura de Josefa de \u00d3bidos em pintura do Pal\u00e1cio Nacional de Mafra | Artes"},"content":{"rendered":"<p>Os trabalhos de conserva\u00e7\u00e3o de uma pintura em mau estado do Pal\u00e1cio Nacional de Mafra permitiram descobrir a assinatura de Josefa de \u00d3bidos, a pintora do s\u00e9culo XVII portugu\u00eas, revelou sexta-feira a conservadora-restauradora respons\u00e1vel.<\/p>\n<p>&#8220;Pedi ao Pal\u00e1cio Nacional de Mafra a pintura para a tratar dado o estado de degrada\u00e7\u00e3o avan\u00e7ado e para confirmar&#8221; a atribui\u00e7\u00e3o da autoria de <a href=\"https:\/\/www.publico.pt\/josefa-de-obidos\" rel=\"nofollow noopener\" target=\"_blank\">Josefa de \u00d3bidos<\/a> j\u00e1 antes feita pelo investigador<a href=\"https:\/\/www.publico.pt\/autor\/vitor-serrao\" rel=\"nofollow noopener\" target=\"_blank\"> V\u00edtor Serr\u00e3o<\/a> \u00e0 pintura Menino Jesus em Descanso, contou \u00e0 ag\u00eancia Lusa Vanessa Henriques Antunes, conservadora-restauradora de pintura antiga do Laborat\u00f3rio Jos\u00e9 de Figueiredo, pertencente \u00e0 Museus e Monumentos de Portugal.<\/p>\n<p>A assinatura era &#8220;quase invis\u00edvel a olho nu&#8221; e s\u00f3 uma &#8220;limpeza qu\u00edmica muito profunda&#8221; permitiu \u00e0 especialista em pintura antiga aperceber-se da assinatura &#8220;Josepha&#8221; e confirm\u00e1-la depois atrav\u00e9s do recurso a fotografia e reflectografia de infravermelhos. &#8220;\u00c9 extraordin\u00e1rio quando n\u00e3o existe 70% da camada pict\u00f3rica da pintura e nos restantes 30% estava a assinatura&#8221;, afirmou.<\/p>\n<p>&#8220;Josefa de \u00d3bidos \u00e9 uma refer\u00eancia no panorama da historiografia de arte nacional e a sua pintura (composi\u00e7\u00e3o, paleta, tipologia de suportes, estilo pict\u00f3rico) \u00e9 das mais reconhec\u00edveis. N\u00e3o seria necess\u00e1rio a assinatura de &#8216;Josepha&#8217; para atender a que estamos em presen\u00e7a de uma pe\u00e7a desta autora. Contudo, a descoberta da assinatura num fr\u00e1gil fragmento crom\u00e1tico, transforma esta pe\u00e7a num importante testemunho documental e coloca-a num rol muito limitado de pe\u00e7as assinadas&#8221;, disse o director do Pal\u00e1cio Nacional de Mafra, <a href=\"https:\/\/www.publico.pt\/2021\/11\/29\/culturaipsilon\/noticia\/sergio-gorjao-assume-direccao-palacio-mafra-doris-simoes-santos-nova-directora-museu-traje-1986857\" rel=\"nofollow noopener\" target=\"_blank\">S\u00e9rgio Gorj\u00e3o<\/a>, citado numa nota do Laborat\u00f3rio Jos\u00e9 de Figueiredo, publicada na sua p\u00e1gina do Facebook. Menino Jesus em Descanso trata-se da \u00fanica pintura de Josefa de \u00d3bidos existente no <a href=\"https:\/\/www.publico.pt\/palacio-nacional-de-mafra\" rel=\"nofollow noopener\" target=\"_blank\">Pal\u00e1cio Nacional de Mafra.<\/a><\/p>\n<p>        &#13;<br \/>\n            &#13;<\/p>\n<p>Segundo a conservadora-restauradora, a pintura pertence a uma &#8220;fase mais amadurecida da vida e da pintura&#8221; da artista do s\u00e9culo XVII. &#8220;O que ela quis representar vai muito al\u00e9m do sagrado e mostra as viv\u00eancias dela e a sua personalidade&#8221;, explicou. Por outro lado, &#8220;ela s\u00f3 come\u00e7ou a assinar depois da morte do pai [Baltazar Gomes Figueira] e nos \u00faltimos dez anos da sua vida&#8221;.<\/p>\n<p>        &#13;<\/p>\n<p>&#13;<br \/>\n                &#13;\n            <\/p>\n<p>&#13;<\/p>\n<p>A notoriedade do pintor <a href=\"https:\/\/www.publico.pt\/2021\/05\/23\/culturaipsilon\/noticia\/museu-arte-antiga-lanca-campanha-comprar-pintura-pai-josefa-obidos-1963653\" rel=\"nofollow noopener\" target=\"_blank\">Baltazar Gomes Figueira<\/a> (1604-1674) s\u00f3 come\u00e7ou a ser conquistada no final do s\u00e9culo XX, ap\u00f3s estudos em pintura antiga portuguesa, para os quais contribuiu, em 1985, Charles Sterling, que descobriu a sua Natureza Morta com Laranjas, Cebolas, Peixe e Caranguejo (1645), exposta no Museu do Louvre, em Paris.<\/p>\n<p>Josefa de \u00d3bidos (1630-1684) aprendeu o of\u00edcio com o pai, com quem trabalhou na sua oficina, e recebeu educa\u00e7\u00e3o religiosa no Convento de Santa Ana, em Coimbra, entre 1644 e 1646, passando a residir em \u00d3bidos a partir desse ano.<\/p>\n<p>A pintora, \u00e0 semelhan\u00e7a de seu pai, est\u00e1<a href=\"https:\/\/www.publico.pt\/2023\/10\/27\/culturaipsilon\/noticia\/louvre-comprou-primeira-pintura-renascenca-portuguesa-2068225\" rel=\"nofollow noopener\" target=\"_blank\"> representada no Museu do Louvre<\/a>, com o quadro Maria Madalena, tamb\u00e9m conhecido por A Penitente Madalena Consolada Por Anjos.<\/p>\n<p>        &#13;<\/p>\n<p>&#13;<br \/>\n                &#13;\n            <\/p>\n<p>&#13;<\/p>\n<p>Ambos fazem parte de colec\u00e7\u00f5es dos museus portugueses, como o Museu Nacional de Arte Antiga, que <a href=\"https:\/\/www.publico.pt\/2015\/05\/15\/culturaipsilon\/noticia\/de-pintora-provinciana-a-mulher-culta-a-emancipacao-de-josefa-de-obidos-1695600\" rel=\"nofollow noopener\" target=\"_blank\">em 2015<\/a> teve patente a exposi\u00e7\u00e3o Josefa d&#8217;\u00d3bidos e a Inven\u00e7\u00e3o do Barroco Portugu\u00eas. Esta mostra reuniu 130 pe\u00e7as de pintura, escultura e artes decorativas, vindas de v\u00e1rias institui\u00e7\u00f5es nacionais e internacionais, como os museus do Prado e de Belas-Artes de Sevilha, o Mosteiro do Escorial e diversas colec\u00e7\u00f5es privadas, portuguesas e estrangeiras.<\/p>\n","protected":false},"excerpt":{"rendered":"Os trabalhos de conserva\u00e7\u00e3o de uma pintura em mau estado do Pal\u00e1cio Nacional de Mafra permitiram descobrir a&hellip;\n","protected":false},"author":2,"featured_media":2616,"comment_status":"","ping_status":"","sticky":false,"template":"","format":"standard","meta":{"footnotes":""},"categories":[144],"tags":[207,205,206,1753,203,201,202,315,1413,204,114,115,1757,1754,1756,1755,419,32,33],"class_list":{"0":"post-2615","1":"post","2":"type-post","3":"status-publish","4":"format-standard","5":"has-post-thumbnail","7":"category-arte-e-design","8":"tag-arte","9":"tag-arte-e-design","10":"tag-artedesign","11":"tag-artes","12":"tag-arts","13":"tag-arts-and-design","14":"tag-artsanddesign","15":"tag-cultura","16":"tag-cultura-ipsilon","17":"tag-design","18":"tag-entertainment","19":"tag-entretenimento","20":"tag-ipsilon","21":"tag-josefa-de-obidos","22":"tag-museus-e-monumentos-de-portugal","23":"tag-palacio-nacional-de-mafra","24":"tag-patrimonio","25":"tag-portugal","26":"tag-pt"},"share_on_mastodon":{"url":"","error":""},"_links":{"self":[{"href":"https:\/\/www.europesays.com\/pt\/wp-json\/wp\/v2\/posts\/2615","targetHints":{"allow":["GET"]}}],"collection":[{"href":"https:\/\/www.europesays.com\/pt\/wp-json\/wp\/v2\/posts"}],"about":[{"href":"https:\/\/www.europesays.com\/pt\/wp-json\/wp\/v2\/types\/post"}],"author":[{"embeddable":true,"href":"https:\/\/www.europesays.com\/pt\/wp-json\/wp\/v2\/users\/2"}],"replies":[{"embeddable":true,"href":"https:\/\/www.europesays.com\/pt\/wp-json\/wp\/v2\/comments?post=2615"}],"version-history":[{"count":0,"href":"https:\/\/www.europesays.com\/pt\/wp-json\/wp\/v2\/posts\/2615\/revisions"}],"wp:featuredmedia":[{"embeddable":true,"href":"https:\/\/www.europesays.com\/pt\/wp-json\/wp\/v2\/media\/2616"}],"wp:attachment":[{"href":"https:\/\/www.europesays.com\/pt\/wp-json\/wp\/v2\/media?parent=2615"}],"wp:term":[{"taxonomy":"category","embeddable":true,"href":"https:\/\/www.europesays.com\/pt\/wp-json\/wp\/v2\/categories?post=2615"},{"taxonomy":"post_tag","embeddable":true,"href":"https:\/\/www.europesays.com\/pt\/wp-json\/wp\/v2\/tags?post=2615"}],"curies":[{"name":"wp","href":"https:\/\/api.w.org\/{rel}","templated":true}]}}