{"id":26163,"date":"2025-08-12T11:43:08","date_gmt":"2025-08-12T11:43:08","guid":{"rendered":"https:\/\/www.europesays.com\/pt\/26163\/"},"modified":"2025-08-12T11:43:08","modified_gmt":"2025-08-12T11:43:08","slug":"cristina-ferreira-reage-a-expulsao-de-bruno-de-carvalho-e-deixa-lhe-um-recado-direto-big-brother","status":"publish","type":"post","link":"https:\/\/www.europesays.com\/pt\/26163\/","title":{"rendered":"Cristina Ferreira reage \u00e0 expuls\u00e3o de Bruno de Carvalho e deixa-lhe um recado direto &#8211; Big Brother"},"content":{"rendered":"<p style=\"margin-bottom:11px\">Logo pela manh\u00e3, no arranque do Dois \u00e0s 10, Cristina Ferreira reagiu <a href=\"https:\/\/tvi.iol.pt\/bigbrother\/bruno-de-carvalho\/expulsao\/bruno-de-carvalho-saiu-em-furia-do-big-brother-apos-expulsao-direta\" rel=\"nofollow noopener\" target=\"_blank\">\u00e0 expuls\u00e3o direta de Bruno de Carvalho do Big Brother Ver\u00e3o<\/a>. O concorrente teve de abandonar a casa mais vigiada do Pa\u00eds na noite desta segunda-feira, dia 12, depois de um gesto pol\u00e9mico. Bruno de Carvalho de um pontap\u00e9 nos p\u00e9s de Afonso Leit\u00e3o e foi, por isso, expulso do Big Brother.<\/p>\n<p>No Dois \u00e0s 10, <strong>Cristina Ferreira <\/strong>quebrou o sil\u00eancio sobre o assunto.\u00a0\u00abEu espero que o Bruno venha c\u00e1, at\u00e9 porque o Bruno disse que ia esclarecer tudo no Dois \u00e0s 10 e que era aqui que ia p\u00f4r tudo em pratos limpos. Espero que venha c\u00e1 ara termos uma conversa. At\u00e9 porque h\u00e1 acusa\u00e7\u00f5es \u00e0 produ\u00e7\u00e3o e eu estou c\u00e1 para responder porque sei de tudo desde o primeiro dia\u00bb, reagiu Cristina Ferreira.<\/p>\n<p>\u00abRecordar que fui eu que o convidei pela primeira vez para ir para um reality show e fui eu tamb\u00e9m que o defendi num dia em que ele tamb\u00e9m foi expulso porque tinha um processo contra ele aqui fora. E defendi porque, juntamente com a produ\u00e7\u00e3o, sab\u00edamos aquilo que tinha acontecido dentro daquela casa\u00bb, desvendou ainda.<\/p>\n<p>Cristina Ferreira deixou, ainda, um recado ao DJ e antigo presidente do Sporting. \u00ab\u00c9 homenzinho suficiente para responder \u00e0s perguntas que temos para lhe fazer. Nas imagens aquilo que se viu foi de facto que o Afonso teve sempre os p\u00e9s no mesmo s\u00edtio\u00bb.<\/p>\n<p>Cristina Ferreira continuou: \u00abEu tenho muita pena porque gosto muito do Bruno, porque acho que o Bruno quando usa o seu lado do humor, quando esta bem-disposto\u2026 Quando ele entrou eram milh\u00f5es de pessoas a ver porque de repente ele era divertido\u00bb.<\/p>\n<p>\u00abEle tem andado aos trope\u00e7\u00f5es, tem tido muitos trope\u00e7\u00f5es nos \u00faltimos tempos\u00bb, finalizou.<\/p>\n<p style=\"margin-bottom:11px\">\u00a0<\/p>\n","protected":false},"excerpt":{"rendered":"Logo pela manh\u00e3, no arranque do Dois \u00e0s 10, Cristina Ferreira reagiu \u00e0 expuls\u00e3o direta de Bruno de&hellip;\n","protected":false},"author":2,"featured_media":26164,"comment_status":"","ping_status":"","sticky":false,"template":"","format":"standard","meta":{"footnotes":""},"categories":[85],"tags":[331,48,341,329,333,328,335,166,336,114,115,334,332,330,13,32,33,162,227],"class_list":{"0":"post-26163","1":"post","2":"type-post","3":"status-publish","4":"format-standard","5":"has-post-thumbnail","7":"category-entretenimento","8":"tag-big","9":"tag-big-brother","10":"tag-bruno-de-carvalho","11":"tag-claudio-ramos","12":"tag-comentadores","13":"tag-concorrentes","14":"tag-confrontos","15":"tag-cristina-ferreira","16":"tag-discussoes","17":"tag-entertainment","18":"tag-entretenimento","19":"tag-exclusivos","20":"tag-expulso","21":"tag-gala","22":"tag-noticias","23":"tag-portugal","24":"tag-pt","25":"tag-tvi","26":"tag-videos"},"share_on_mastodon":{"url":"","error":""},"_links":{"self":[{"href":"https:\/\/www.europesays.com\/pt\/wp-json\/wp\/v2\/posts\/26163","targetHints":{"allow":["GET"]}}],"collection":[{"href":"https:\/\/www.europesays.com\/pt\/wp-json\/wp\/v2\/posts"}],"about":[{"href":"https:\/\/www.europesays.com\/pt\/wp-json\/wp\/v2\/types\/post"}],"author":[{"embeddable":true,"href":"https:\/\/www.europesays.com\/pt\/wp-json\/wp\/v2\/users\/2"}],"replies":[{"embeddable":true,"href":"https:\/\/www.europesays.com\/pt\/wp-json\/wp\/v2\/comments?post=26163"}],"version-history":[{"count":0,"href":"https:\/\/www.europesays.com\/pt\/wp-json\/wp\/v2\/posts\/26163\/revisions"}],"wp:featuredmedia":[{"embeddable":true,"href":"https:\/\/www.europesays.com\/pt\/wp-json\/wp\/v2\/media\/26164"}],"wp:attachment":[{"href":"https:\/\/www.europesays.com\/pt\/wp-json\/wp\/v2\/media?parent=26163"}],"wp:term":[{"taxonomy":"category","embeddable":true,"href":"https:\/\/www.europesays.com\/pt\/wp-json\/wp\/v2\/categories?post=26163"},{"taxonomy":"post_tag","embeddable":true,"href":"https:\/\/www.europesays.com\/pt\/wp-json\/wp\/v2\/tags?post=26163"}],"curies":[{"name":"wp","href":"https:\/\/api.w.org\/{rel}","templated":true}]}}