{"id":26165,"date":"2025-08-12T11:46:08","date_gmt":"2025-08-12T11:46:08","guid":{"rendered":"https:\/\/www.europesays.com\/pt\/26165\/"},"modified":"2025-08-12T11:46:08","modified_gmt":"2025-08-12T11:46:08","slug":"ucrania-admite-ceder-territorios-ja-controlados-pela-russia-observador","status":"publish","type":"post","link":"https:\/\/www.europesays.com\/pt\/26165\/","title":{"rendered":"Ucr\u00e2nia admite ceder territ\u00f3rios j\u00e1 controlados pela R\u00fassia \u2013 Observador"},"content":{"rendered":"<p>Acompanhe <a href=\"https:\/\/observador.pt\/liveblogs\/putin-nao-e-confiavel-nem-um-pouco-alerta-starmer\/\" rel=\"nofollow noopener\" target=\"_blank\">o nosso liveblog sobre a guerra na Ucr\u00e2nia<\/a><\/p>\n<p>A Ucr\u00e2nia admite ceder territ\u00f3rios \u00e0 R\u00fassia como parte de um plano de paz <a href=\"https:\/\/www.telegraph.co.uk\/world-news\/2025\/08\/11\/ukraine-prepared-freeze-war-current-frontline-summit\/\" rel=\"nofollow noopener\" target=\"_blank\">que conte com o apoio dos pa\u00edses europeus, noticia o jornal brit\u00e2nico The Telegraph<\/a>, adiantando que Zelensky j\u00e1 ter\u00e1 transmitido essa posi\u00e7\u00e3o aos l\u00edderes europeus, rejeitando, no entanto, qualquer ced\u00eancia de territ\u00f3rio que n\u00e3o esteja sob ocupa\u00e7\u00e3o russa.<\/p>\n<p>Segundo o jornal, o Presidente ucraniano estar\u00e1 assim disposto a uma solu\u00e7\u00e3o que ponha fim ao conflito e que passasse pelo congelamento das linhas da frente, entregando \u00e8 R\u00fassia o controlo das \u00e1reas que controla nas regi\u00f5es de Lugansk, Donetsk, Zapor\u00edjia, Kherson e Crimeia.<\/p>\n<p>Dentro das linhas vermelhas definidas por Zelensky para um acordo est\u00e3o v\u00e1rias garantias de seguran\u00e7a, como entrega de armas e o caminho para uma ades\u00e3o \u00e0 NATO.<\/p>\n<p>Esta posi\u00e7\u00e3o de Zelenky, mostrando uma maior flexibilidade e n\u00e3o confirmada oficialmente, surge a poucos dias do encontro entre Donald Trump e Vladimir Putin, na sexta-feira, no Alasca.<\/p>\n<p>O Presidente ucraniano fez saber esta ter\u00e7a-feira que acredita que a R\u00fassia se est\u00e1 a preparar para uma nova ofensiva, tendo em conta movimenta\u00e7\u00f5es no terreno que indicam que o Kremlin \u201cn\u00e3o se est\u00e1 a preparar para p\u00f4r fim \u00e0 guerra\u201d.<\/p>\n","protected":false},"excerpt":{"rendered":"Acompanhe o nosso liveblog sobre a guerra na Ucr\u00e2nia A Ucr\u00e2nia admite ceder territ\u00f3rios \u00e0 R\u00fassia como parte&hellip;\n","protected":false},"author":2,"featured_media":26166,"comment_status":"","ping_status":"","sticky":false,"template":"","format":"standard","meta":{"footnotes":""},"categories":[50],"tags":[624,27,28,92,623,445,15,16,1123,14,25,26,21,22,62,12,13,19,20,23,24,3879,17,18,1124,29,30,31,554,2415,2416,63,64,65],"class_list":{"0":"post-26165","1":"post","2":"type-post","3":"status-publish","4":"format-standard","5":"has-post-thumbnail","7":"category-mundo","8":"tag-amu00e9rica","9":"tag-breaking-news","10":"tag-breakingnews","11":"tag-donald-trump","12":"tag-estados-unidos-da-amu00e9rica","13":"tag-europa","14":"tag-featured-news","15":"tag-featurednews","16":"tag-guerra-na-ucru00e2nia","17":"tag-headlines","18":"tag-latest-news","19":"tag-latestnews","20":"tag-main-news","21":"tag-mainnews","22":"tag-mundo","23":"tag-news","24":"tag-noticias","25":"tag-noticias-principais","26":"tag-noticiasprincipais","27":"tag-principais-noticias","28":"tag-principaisnoticias","29":"tag-ru00fassia","30":"tag-top-stories","31":"tag-topstories","32":"tag-ucru00e2nia","33":"tag-ultimas","34":"tag-ultimas-noticias","35":"tag-ultimasnoticias","36":"tag-uniu00e3o-europeia","37":"tag-vladimir-putin","38":"tag-volodymyr-zelensky","39":"tag-world","40":"tag-world-news","41":"tag-worldnews"},"share_on_mastodon":{"url":"","error":""},"_links":{"self":[{"href":"https:\/\/www.europesays.com\/pt\/wp-json\/wp\/v2\/posts\/26165","targetHints":{"allow":["GET"]}}],"collection":[{"href":"https:\/\/www.europesays.com\/pt\/wp-json\/wp\/v2\/posts"}],"about":[{"href":"https:\/\/www.europesays.com\/pt\/wp-json\/wp\/v2\/types\/post"}],"author":[{"embeddable":true,"href":"https:\/\/www.europesays.com\/pt\/wp-json\/wp\/v2\/users\/2"}],"replies":[{"embeddable":true,"href":"https:\/\/www.europesays.com\/pt\/wp-json\/wp\/v2\/comments?post=26165"}],"version-history":[{"count":0,"href":"https:\/\/www.europesays.com\/pt\/wp-json\/wp\/v2\/posts\/26165\/revisions"}],"wp:featuredmedia":[{"embeddable":true,"href":"https:\/\/www.europesays.com\/pt\/wp-json\/wp\/v2\/media\/26166"}],"wp:attachment":[{"href":"https:\/\/www.europesays.com\/pt\/wp-json\/wp\/v2\/media?parent=26165"}],"wp:term":[{"taxonomy":"category","embeddable":true,"href":"https:\/\/www.europesays.com\/pt\/wp-json\/wp\/v2\/categories?post=26165"},{"taxonomy":"post_tag","embeddable":true,"href":"https:\/\/www.europesays.com\/pt\/wp-json\/wp\/v2\/tags?post=26165"}],"curies":[{"name":"wp","href":"https:\/\/api.w.org\/{rel}","templated":true}]}}