{"id":2617,"date":"2025-07-26T15:28:14","date_gmt":"2025-07-26T15:28:14","guid":{"rendered":"https:\/\/www.europesays.com\/pt\/2617\/"},"modified":"2025-07-26T15:28:14","modified_gmt":"2025-07-26T15:28:14","slug":"as-vantagens-do-pessimismo-parte-ii-diario-de-uberlandia-i-voce-sabe-de-onde-a-verdade-vem-diario-de-uberlandia","status":"publish","type":"post","link":"https:\/\/www.europesays.com\/pt\/2617\/","title":{"rendered":"As Vantagens do Pessimismo \u2013 Parte II Di\u00e1rio de Uberl\u00e2ndia I Voc\u00ea sabe de onde a verdade vem Di\u00e1rio de Uberl\u00e2ndia"},"content":{"rendered":"<p>\t\t<a href=\"https:\/\/www.europesays.com\/pt\/wp-content\/uploads\/2025\/07\/25071725_Coluna_Lei.jpg\" title=\"Foto: Reprodu\u00e7\u00e3o\/Internet\" data-gallery=\"\">&#13;<br \/>\n\t\t<img decoding=\"async\" src=\"https:\/\/www.europesays.com\/pt\/wp-content\/uploads\/2025\/07\/25071725_Coluna_Lei.jpg\" align=\"left\" class=\"img-responsive\"\/>&#13;<br \/>\n\t\t<\/a><\/p>\n<p>Foto: Reprodu\u00e7\u00e3o\/Internet<\/p>\n<p style=\"text-align: justify;\">Continuando a falar sobre o livro de Roger Scruton, \u00e0s vezes beira o inacredit\u00e1vel, a forma como as fal\u00e1cias progressistas s\u00e3o propagadas e endossadas por aqueles que se sentem no direito de imaginar e rogar para si o dever de \u201cconstruir\u201d um futuro melhor para a humanidade: nada mais grotesco e prepotente do que acreditar ser o dono de uma solu\u00e7\u00e3o maravilhosa \u2013 lembrando que os homens, n\u00e3o s\u00f3 perseguem h\u00e1 mil\u00eanios, mas, pela pr\u00f3pria experi\u00eancia cotidiana, percebem que n\u00e3o h\u00e1 possibilidade de uma solu\u00e7\u00e3o \u00fanica, m\u00e1gica, mas justamente agora, uma \u201cmente brilhante\u201d teve a capacidade de elaborar uma teoria espl\u00eandida e resolutiva de todos os problemas passados, presentes e futuros. Mais incr\u00edvel ainda \u00e9 como s\u00e3o reiteradamente os mesmos argumentos, vez ou outra adornados com alguns requintes de modernismo sofisticado, mas sempre lastreados na \u201creinven\u00e7\u00e3o\u201d do homem .<\/p>\n<p style=\"text-align: justify;\">O que n\u00e3o passa despercebido por Scruton s\u00e3o os eixos dos argumentos propalados a torto e a direito, sob a tutela de muitos intelectuais que bradam a defesa do povo, quando na verdade, olhando para os resultados pr\u00e1ticos, aumentam cada vez mais aquilo que eles juram combater: a desigualdade, a pobreza e principalmente o \u00f3dio ao pr\u00f3ximo. Interessante, por\u00e9m, \u00e9 quando esses intelectuais t\u00eam suas teses e teorias confrontadas com a realidade, se apressam para lan\u00e7ar e se esconderem atr\u00e1s de subterf\u00fagios gen\u00e9ricos: \u201cfoi uma fatalidade\u201d, \u201cesse fato \u00e9 exce\u00e7\u00e3o \u00e0 regra\u201d, ou um dos piores, \u201cquem fez, n\u00e3o fez certo, de acordo com o que fulano de tal ensinou\u201d, mostrando apenas mais uma face do seu autoritarismo subcut\u00e2neo, j\u00e1 que, se ele tivesse o poder, com certeza faria voc\u00ea se dobrar ao seu \u201cgosto\u201d. A realidade \u00e9 que esse \u201cintelectual\u201d produz uma imensa generalidade, que como Scruton ensina falando acerca da Fal\u00e1cia da Utopia, n\u00e3o pode em nenhuma circunst\u00e2ncia ser confrontada, uma vez que imposs\u00edvel ser realizada. Assim, como no plano abstrato das ideias a teoria sempre funciona, os progressistas utilizam a imagina\u00e7\u00e3o como trunfo. E como diz Thomas Sowell, \u201cquando as pessoas querem o imposs\u00edvel, apenas os mentirosos podem satisfaz\u00ea-las\u201d.<\/p>\n<p style=\"text-align: justify;\">Dostoi\u00e9vski j\u00e1 dizia no seu livro Dem\u00f4nios, ainda no s\u00e9culo XIX, quando ent\u00e3o a R\u00fassia j\u00e1 era uma pa\u00eds socialista, a forma como os \u201c progressistas\u201d dos tempos modernos faziam seu trabalho de subvers\u00e3o intelectual, esparramados pela sociedade \u2013 aqui necessito fazer um adendo sobre a R\u00fassia pr\u00e9 ditadura comunista e sobre os m\u00e9todos utilizados pelos totalit\u00e1rios: cria-se um \u201cambiente\u201d prop\u00edcio para\u00a0 dom\u00ednio, e se a R\u00fassia n\u00e3o era socialista politicamente, foi, ao menos \u201cespiritualmente\u201d, j\u00e1 que, antes de se tornar um estado Socialista, \u00e9 necess\u00e1rio que pessoas sejam socialistas antes, principalmente sem que estas saibam; \u00e9 como fazer um bolo, em que n\u00e3o se faz a massa sem quebrar os ovos antes.\u00a0<\/p>\n<p style=\"text-align: justify;\">Muitas pessoas defendem uma revolu\u00e7\u00e3o sem saber ao certo o que isso quer dizer, sendo apenas guiadas pelas mentes que \u201cpensam\u201d. O problema \u00e9 que quando grande parte da popula\u00e7\u00e3o adota, ou melhor, incorpora os ideais progressistas e socialistas subconscientemente, \u00e9 quase inevit\u00e1vel uma ruptura com a ordem antecedente. Esse \u00e9, ent\u00e3o, o objetivo principal dos ungidos, de Sowell: a confec\u00e7\u00e3o do clima, do ambiente, em suma, de um estado de alma social prop\u00edcio para a aceita\u00e7\u00e3o passiva absoluta.<br \/>No livro de Boris Pasternak, Doutor Jivago, em que o autor russo narra o ambiente sovi\u00e9tico pr\u00e9 e p\u00f3s revolu\u00e7\u00e3o russa de 1917, fica bem n\u00edtida a forma como as pessoas foram jogadas num redemoinho de ideias abstratas sem terem a consci\u00eancia de que estavam caminhando \u00e0 passos largos para um estado totalit\u00e1rio.<\/p>\n<p style=\"text-align: justify;\">O que Scruton faz, de certo modo, \u00e9 mostrar a raiz e os desdobramentos das fal\u00e1cias que eram e s\u00e3o utilizadas pela esquerda, exatamente para infundir esse \u201csentimento comum de culpa\u201d nas pessoas, de que o pa\u00eds est\u00e1 em decl\u00ednio por causa de seu esp\u00edrito, e como esses argumentos s\u00e3o sempre promessas vazias.<\/p>\n<p style=\"text-align: justify;\">O problema \u00e9 que o que antes demandava d\u00e9cadas, hoje, com o aux\u00edlio da internet e das redes sociais, ficou muito mais f\u00e1cil de alcan\u00e7ar um n\u00famero muito maior de pessoas em menos tempo, por\u00e9m, na mesma propor\u00e7\u00e3o, aumentaram-se exponencialmente a dificuldade de controle das narrativas, e por isso h\u00e1 esse imenso lobby, uma reiterada insist\u00eancia, sobre a regula\u00e7\u00e3o das m\u00eddias: notadamente, os que querem o controle, sob a justificativa de proporcionar um melhor debate de ideias, querem justamente o cerceamento delas, para que possam, assim, implantar seus ideais. O autor brit\u00e2nico ensina ent\u00e3o, se tornando a ideia central desta obra, que uma dose de pessimismo sobre essas ideias revolucion\u00e1rias e inovadoras, \u00e9 sempre salutar e \u00e9 capaz de evitar desastres humanos que demorariam d\u00e9cadas para serem revertidos.<\/p>\n<p style=\"text-align: justify;\">As Vantagens do Pessimismo, Roger Scruton.<\/p>\n<p style=\"text-align: justify;\"><strong>*Este conte\u00fado \u00e9 de responsabilidade do autor e n\u00e3o representa, necessariamente, a opini\u00e3o do Di\u00e1rio de Uberl\u00e2ndia.<\/strong><\/p>\n<p style=\"text-align: justify;\">\u00a0<\/p>\n<p>\u00a0<\/p>\n","protected":false},"excerpt":{"rendered":"&#13; &#13; Foto: Reprodu\u00e7\u00e3o\/Internet Continuando a falar sobre o livro de Roger Scruton, \u00e0s vezes beira o inacredit\u00e1vel,&hellip;\n","protected":false},"author":2,"featured_media":2618,"comment_status":"","ping_status":"","sticky":false,"template":"","format":"standard","meta":{"footnotes":""},"categories":[143],"tags":[169,114,115,170,32,33],"class_list":{"0":"post-2617","1":"post","2":"type-post","3":"status-publish","4":"format-standard","5":"has-post-thumbnail","7":"category-livros","8":"tag-books","9":"tag-entertainment","10":"tag-entretenimento","11":"tag-livros","12":"tag-portugal","13":"tag-pt"},"share_on_mastodon":{"url":"","error":""},"_links":{"self":[{"href":"https:\/\/www.europesays.com\/pt\/wp-json\/wp\/v2\/posts\/2617","targetHints":{"allow":["GET"]}}],"collection":[{"href":"https:\/\/www.europesays.com\/pt\/wp-json\/wp\/v2\/posts"}],"about":[{"href":"https:\/\/www.europesays.com\/pt\/wp-json\/wp\/v2\/types\/post"}],"author":[{"embeddable":true,"href":"https:\/\/www.europesays.com\/pt\/wp-json\/wp\/v2\/users\/2"}],"replies":[{"embeddable":true,"href":"https:\/\/www.europesays.com\/pt\/wp-json\/wp\/v2\/comments?post=2617"}],"version-history":[{"count":0,"href":"https:\/\/www.europesays.com\/pt\/wp-json\/wp\/v2\/posts\/2617\/revisions"}],"wp:featuredmedia":[{"embeddable":true,"href":"https:\/\/www.europesays.com\/pt\/wp-json\/wp\/v2\/media\/2618"}],"wp:attachment":[{"href":"https:\/\/www.europesays.com\/pt\/wp-json\/wp\/v2\/media?parent=2617"}],"wp:term":[{"taxonomy":"category","embeddable":true,"href":"https:\/\/www.europesays.com\/pt\/wp-json\/wp\/v2\/categories?post=2617"},{"taxonomy":"post_tag","embeddable":true,"href":"https:\/\/www.europesays.com\/pt\/wp-json\/wp\/v2\/tags?post=2617"}],"curies":[{"name":"wp","href":"https:\/\/api.w.org\/{rel}","templated":true}]}}