{"id":261944,"date":"2026-02-08T17:06:15","date_gmt":"2026-02-08T17:06:15","guid":{"rendered":"https:\/\/www.europesays.com\/pt\/261944\/"},"modified":"2026-02-08T17:06:15","modified_gmt":"2026-02-08T17:06:15","slug":"a-solidao-das-criancas-imigrantes-livros","status":"publish","type":"post","link":"https:\/\/www.europesays.com\/pt\/261944\/","title":{"rendered":"A solid\u00e3o das crian\u00e7as imigrantes | Livros"},"content":{"rendered":"<p>Um rapaz imigrante recorda com saudade os seus anivers\u00e1rios anteriores: \u201cA alegria, as gargalhadas, os presentes e todos os jogos e brincadeiras.\u201d Aproxima-se o dia de fazer 8 anos e, desta vez, a festa ser\u00e1 apenas com os pais, que \u201cdecidiram partir em busca de uma vida melhor\u201d. Est\u00e3o agora num lugar novo, com uma cultura diferente e uma l\u00edngua por decifrar.<\/p>\n<p>Adam v\u00ea-se sem os familiares que ficaram no pa\u00eds natal, sem todos os seus amigos e at\u00e9 sem muitos dos seus brinquedos. A solid\u00e3o que sente \u00e9 tal que pede aos pais para lhe comprarem um rob\u00f4 com intelig\u00eancia artificial que viu numa montra. Apresentava-se como \u201cnovo amigo!\u201d e descrevia-se assim: \u201cEu falo, brinco e percebo-te!\u201d At\u00e9 tinha nome: Roberto.<\/p>\n<p>O escritor <a href=\"https:\/\/penguinlivros.pt\/um-olhar-humano-sobre-a-imigracao\/\" target=\"_blank\" rel=\"nofollow noopener\">Victor D. O. Santos<\/a>, brasileiro, viveu a experi\u00eancia de ser imigrante quando foi para os EUA fazer o doutoramento em Lingu\u00edstica. \u201c<strong>Mudar para um pa\u00eds novo e recome\u00e7ar \u00e9 bastante dif\u00edcil, tanto para adultos quanto para as crian\u00e7as. Cada imigrante lida com obst\u00e1culos diferentes<\/strong>\u201d, disse numa entrevista \u00e0 editora que o publica em Portugal, Penguin Random House.<\/p>\n<p>O tamb\u00e9m autor de <a href=\"https:\/\/www.publico.pt\/2024\/11\/30\/impar\/noticia\/linguas-culturas-sao-importantes-2113936\" target=\"_blank\" rel=\"nofollow noopener\">O Que nos Torna Humanos<\/a> (ilustrado por Anna Forlati) \u00e9 casado com uma ucraniana-americana, que foi para os EUA depois de a R\u00fassia invadir a Ucr\u00e2nia. T\u00eam dois filhos, que, apesar de terem nascido nos EUA, s\u00e3o considerados imigrantes. \u201cEu e a minha esposa damos muito valor quanto a preservar as nossas culturas e l\u00ednguas com os nossos filhos, pois acreditamos que isso enriquece a vida e experi\u00eancia deles\u201d, conta.<\/p>\n<p>                &#13;<br \/>\n                    &#13;<br \/>\n                    &#13;<br \/>\n                        \u201cPap\u00e1\u2026 o que \u00e9 um imigrante?\u201d \u201c\u00c9 algu\u00e9m que se mudou de um pa\u00eds para outro, tal como n\u00f3s fizemos. E n\u00e3o h\u00e1 mal nenhum em algu\u00e9m ser imigrante\u201d &#13;<br \/>\nAnna Margrethe Kjaergaard                    &#13;<\/p>\n<p>Sentimento anti-imigrantes espalha-se pelo mundo<\/p>\n<p>Uma das motiva\u00e7\u00f5es para escrever este livro, com ilustra\u00e7\u00f5es ternas e expressivas da dinamarquesa <a href=\"https:\/\/www.amkjaergaard.dk\" target=\"_blank\" rel=\"nofollow noopener\">Anna Margrethe Kjaergaard<\/a>, foi a tomada de consci\u00eancia do sentimento forte anti-imigrantes que se espalha pelo mundo. E fala das pol\u00edticas do actual Presidente dos EUA: \u201cO \u00f3dio e a discrimina\u00e7\u00e3o generalizada contra imigrantes sob o Governo [de Donald] Trump \u00e9 algo que realmente faz o meu sangue ferver e que a sociedade n\u00e3o devia aceitar. Digo isto n\u00e3o s\u00f3 porque sou imigrante tamb\u00e9m, mas por ter cora\u00e7\u00e3o.\u201d<\/p>\n<p>        &#13;<\/p>\n<p>&#13;<br \/>\n                &#13;\n            <\/p>\n<p>&#13;<\/p>\n<p>Espera por isso que Um Amigo de Presente motive conversas sobre o tema e traga um olhar mais humano para quem se encontra nessa situa\u00e7\u00e3o quase sempre delicada. \u201cN\u00e3o se pode esquecer que por tr\u00e1s de cada imigrante existe uma hist\u00f3ria, sonhos e, acima de tudo, um ser humano como qualquer outro.\u201d<\/p>\n<p>Na narrativa, o pequeno Adam, que acabar\u00e1 por arranjar um amigo de verdade, fica a saber da pior maneira o significado da palavra \u201cimigrante\u201d. A casa deles foi vandalizada e algu\u00e9m escreveu na parede da sala: \u201cVoltem para casa, imigrantes.\u201d \u00c9 a\u00ed que o menino pergunta: \u201c<strong>Pap\u00e1\u2026 o que \u00e9 um imigrante?<\/strong>\u201d Resposta do pai: \u201c<strong>\u00c9 algu\u00e9m que se mudou de um pa\u00eds para outro, tal como n\u00f3s fizemos. E n\u00e3o h\u00e1 mal nenhum em algu\u00e9m ser imigrante.<\/strong>\u201d Pois n\u00e3o.<\/p>\n<p>No final do livro, o autor dirige uma mensagem aos pequenos leitores, em que lembra que \u201ccerca de 40 milh\u00f5es de crian\u00e7as vivem num pa\u00eds diferente daquele onde nasceram\u201d e pede: \u201cDa pr\u00f3xima vez que te cruzares com uma crian\u00e7a imigrante, pensa em como podes ajud\u00e1-la a integrar-se e faz\u00ea-la sorrir.\u201d Tamb\u00e9m vale para os adultos.<\/p>\n<p>        &#13;<\/p>\n<p>                        &#13;<br \/>\n                            &#13;<\/p>\n<p>Texto: Victor D.O. Santos<br \/>&#13;<br \/>\nIlustra\u00e7\u00e3o: Anna Margrethe Kjaergaard<br \/>&#13;<br \/>\nPagina\u00e7\u00e3o e capa: adapta\u00e7\u00e3o de Wonder Studio\/Ana Teixeira<br \/>&#13;<br \/>\nEdi\u00e7\u00e3o: F\u00e1bula\/Penguin Random House<br \/>&#13;<br \/>\n40 p\u00e1gs., 13,95\u20ac (online 12,56\u20ac)<br \/>&#13;<br \/>\n<a href=\"https:\/\/penguinlivros.pt\/loja\/fabula\/livro\/um-amigo-de-presente\/\" target=\"_blank\" rel=\"nofollow noopener\">Comprar<\/a><\/p>\n<p>            &#13;<\/p>\n<p>Mais artigos <a href=\"http:\/\/www.publico.pt\/letra-pequena\" rel=\"nofollow noopener\" target=\"_blank\">Letra Pequena<\/a><\/p>\n","protected":false},"excerpt":{"rendered":"Um rapaz imigrante recorda com saudade os seus anivers\u00e1rios anteriores: \u201cA alegria, as gargalhadas, os presentes e todos&hellip;\n","protected":false},"author":2,"featured_media":261945,"comment_status":"","ping_status":"","sticky":false,"template":"","format":"standard","meta":{"footnotes":"","_share_on_mastodon":"0"},"categories":[10],"tags":[27,28,838,15,16,14,1481,708,25,26,5583,18734,18736,170,21,22,12,13,19,20,542,32,23,24,33,291,17,18,29,30,31],"class_list":["post-261944","post","type-post","status-publish","format-standard","has-post-thumbnail","category-portugal","tag-breaking-news","tag-breakingnews","tag-criancas","tag-featured-news","tag-featurednews","tag-headlines","tag-imigracao","tag-impar","tag-latest-news","tag-latestnews","tag-leituras","tag-letra-pequena","tag-literatura-infantil","tag-livros","tag-main-news","tag-mainnews","tag-news","tag-noticias","tag-noticias-principais","tag-noticiasprincipais","tag-para-redes","tag-portugal","tag-principais-noticias","tag-principaisnoticias","tag-pt","tag-relaxar","tag-top-stories","tag-topstories","tag-ultimas","tag-ultimas-noticias","tag-ultimasnoticias"],"share_on_mastodon":{"url":"https:\/\/pubeurope.com\/@pt\/116036107209225923","error":""},"_links":{"self":[{"href":"https:\/\/www.europesays.com\/pt\/wp-json\/wp\/v2\/posts\/261944","targetHints":{"allow":["GET"]}}],"collection":[{"href":"https:\/\/www.europesays.com\/pt\/wp-json\/wp\/v2\/posts"}],"about":[{"href":"https:\/\/www.europesays.com\/pt\/wp-json\/wp\/v2\/types\/post"}],"author":[{"embeddable":true,"href":"https:\/\/www.europesays.com\/pt\/wp-json\/wp\/v2\/users\/2"}],"replies":[{"embeddable":true,"href":"https:\/\/www.europesays.com\/pt\/wp-json\/wp\/v2\/comments?post=261944"}],"version-history":[{"count":0,"href":"https:\/\/www.europesays.com\/pt\/wp-json\/wp\/v2\/posts\/261944\/revisions"}],"wp:featuredmedia":[{"embeddable":true,"href":"https:\/\/www.europesays.com\/pt\/wp-json\/wp\/v2\/media\/261945"}],"wp:attachment":[{"href":"https:\/\/www.europesays.com\/pt\/wp-json\/wp\/v2\/media?parent=261944"}],"wp:term":[{"taxonomy":"category","embeddable":true,"href":"https:\/\/www.europesays.com\/pt\/wp-json\/wp\/v2\/categories?post=261944"},{"taxonomy":"post_tag","embeddable":true,"href":"https:\/\/www.europesays.com\/pt\/wp-json\/wp\/v2\/tags?post=261944"}],"curies":[{"name":"wp","href":"https:\/\/api.w.org\/{rel}","templated":true}]}}