{"id":26198,"date":"2025-08-12T12:15:10","date_gmt":"2025-08-12T12:15:10","guid":{"rendered":"https:\/\/www.europesays.com\/pt\/26198\/"},"modified":"2025-08-12T12:15:10","modified_gmt":"2025-08-12T12:15:10","slug":"israel-conseguiu-matar-me-e-silenciar-a-minha-voz-chovem-criticas-apos-morte-de-jornalista-em-gaza-diario-de-noticias","status":"publish","type":"post","link":"https:\/\/www.europesays.com\/pt\/26198\/","title":{"rendered":"\u201dIsrael conseguiu matar-me e silenciar a minha voz.\u201d Chovem cr\u00edticas ap\u00f3s morte de jornalista em Gaza &#8211; Di\u00e1rio de Not\u00edcias"},"content":{"rendered":"<ol>\n<li><a href=\"https:\/\/news.google.com\/rss\/articles\/CBMi1wFBVV95cUxNZ0NXdlhZZzNSVEdtQzR1YVVhWFRGNlB2dUViZTlkUHMwV2RVdlo1M3Vsbk1URzIzbzhWVEd6dndmeHcxTlBmS2Nvckh4YkhLSk83S0dHdVVaMDRXTHZYbGh5aEIwZEJqMkZ5RWRMSkRSNGVJRjdYQWdLMmdWcjJnUW50cnFRMFNyU0FUd1ZaTVpNWDhwTENTU3VTb2RXRENSQzcwenZvNjBMdk5kWF9DdzI4UVZYZXo4V0pSNG5JbmZObGZPaklER3IxS1Bnd0FmWFk3bGlySQ?oc=5\" target=\"_blank\" rel=\"nofollow noopener\">\u201dIsrael conseguiu matar-me e silenciar a minha voz.\u201d Chovem cr\u00edticas ap\u00f3s morte de jornalista em Gaza<\/a>&nbsp;&nbsp;Di\u00e1rio de Not\u00edcias<\/li>\n<li><a href=\"https:\/\/news.google.com\/rss\/articles\/CBMi6AFBVV95cUxNcFVPTzVreEp3UDZZMGV5d19sRV80STJlVnBlUDM1YUNyRVdROFB5dGhqN3ZJck1VaEU0MUkxWHRFeVkwekliVmtoLTJQMzRCRGQzVENvbWRjV0xlcEE3MTI4cVlSUjF4RUVoSlZIcjQ1X2lMV210cHpTYnkwR1J1QUxRZ0k4NDlFQ2ZkbUZNaV9JYTdfa19HVDVWaXVhVkdZamFvZHdzUVNjcmFIZ01kSWFuTDZ3Sm5rVUVkQ0RUMm5wWWh1aGZqdTFUWnRfX212cFNnWEY0c1hDVGZtUjg2cnBrUjcxOEpr0gH3AUFVX3lxTE40Q0Q0c1Z0S2xvU0lhRURaMnBlRURoZVJQcE5uQ2xDWU5nbzNFVUhBT2J1SXVDZ2VFNFBEYlVqdGU0YnRJYk5jejdyRmVlT1o0RTZRYW5qUzlkWVBBQ0lNR1dPX0ZEbTRsanFLUUZDYUI2emMzZWdQMlR4QWVmajFoMGphN2dwdG5SOGFaSTFUdVplNTRnMzh3RThqWnllWkd4X1pNT1p0VUFobXRHMGx3N1ZPbUh1QVVUX0QyR21pRDZUUmREZmZ4WXFjaUNKNzhYWW9FSXhFUGk5MG5zRV9RekxSeWJPZlRnME53WHhuSXh3MVhxaFk?oc=5\" target=\"_blank\" rel=\"nofollow noopener\">ONU e Uni\u00e3o Europeia condenam ataque israelense que matou seis jornalistas na Faixa de Gaza<\/a>&nbsp;&nbsp;G1<\/li>\n<li><a href=\"https:\/\/news.google.com\/rss\/articles\/CBMiuAFBVV95cUxOWGhKb19qVVNFUEx3US1OSHNEQ3RaZmgwcjVNLXl0a0x0TGJlMmgxUG5Cd0l6a21sMllaTHJoUERrWGpsY2NITGN0VlVWc3pGa0lGR2w1VlRoZndGaDVBZ2loRDF5S0lpdk5nMjBwTGU4MXFoTzZyb2ZQVE5ETF94UFgtLWx6RmVwYWxiZ3k0ZlNEWEU2VkF1ejdReF9aVGNYVE9NUW80aF96a1ZWUE1uTTcweUR0RERD?oc=5\" target=\"_blank\" rel=\"nofollow noopener\">Jornalista durante o dia, terrorista durante a noite? O caso \u00e9 complicado<\/a>&nbsp;&nbsp;VEJA<\/li>\n<li><a href=\"https:\/\/news.google.com\/rss\/articles\/CBMivwFBVV95cUxOZFI2N185Z3JFQmFiNzh1YWlMN0RLNFNMUWZEMDBSck1BdVdJM1BOcnZaaFZ1VnFfclF3WTdTdzg4UlpkbEREN2RHWUJwUTI0bDFBVV92OE1DelFmRkxBMFdyeEdIdS1HaGprVGNnOThicjdtcnNsX3dvZUxTSU9RLWJvTXVhOTMydXRYRkpKaGhtUTB0ZHlKSGEwc3E4Y3NUczN4QjFFcFBuOE9PQ0xBQkJveXZ6eXpianA5ZFRjY9IBxAFBVV95cUxPSDdNd0NkRVRvSnZQczN5LTRDenZDZFpMeDUwdU91dHhLUFotelh4WTFwRnNzY1dWUFdfRmlodksyX0Qxb2NXVTNNQzA1U0w0VzNXaENMcFVwSm5GZmNHZ2ZaWGFYNXRfN0QteGZPWXV6RXpYSXR3WXBJaTdVZzl4Nm1WTTRYMDZBN2Fmd285Rm02bWxQei1pUTlDMGdUSWdyZmxQckNUZWhkM1k1NDhmeGJCaFlScVBvNnNSc0lZenpJU3k4?oc=5\" target=\"_blank\" rel=\"nofollow noopener\">Jornalistas da Al Jazeera mortos em ataque de Israel s\u00e3o velados em Gaza<\/a>&nbsp;&nbsp;Folha de S.Paulo<\/li>\n<li><a href=\"https:\/\/news.google.com\/rss\/articles\/CBMipwFBVV95cUxQZGF3dUcyUDloX2NFX0xWbl9oRGZvZzlBVGQyZ19rZUNNaklEMTVlWjAtM2NjZVlWb01BaVJ3Y0MxaXpmN1ZsWVVMa3FSc3BvdUpJMEYtWmthT3BGV2JXeHh3WU1uZzZqeUpCMllPVHpYVGpkX2tJTVZpNUtoRDc4eDI4eFJjbkVxdS1pd0lMOVBVZXp3T3htcHF0TlNRM2NqTVFGdndxTQ?oc=5\" target=\"_blank\" rel=\"nofollow noopener\">Milton Rond\u00f3: A guerra mais letal para jornalistas e o sil\u00eancio das pot\u00eancias<\/a>&nbsp;&nbsp;CartaCapital<\/li>\n<\/ol>\n","protected":false},"excerpt":{"rendered":"\u201dIsrael conseguiu matar-me e silenciar a minha voz.\u201d Chovem cr\u00edticas ap\u00f3s morte de jornalista em Gaza&nbsp;&nbsp;Di\u00e1rio de Not\u00edcias&hellip;\n","protected":false},"author":2,"featured_media":26199,"comment_status":"","ping_status":"","sticky":false,"template":"","format":"standard","meta":{"footnotes":""},"categories":[50],"tags":[8556,27,28,306,257,15,16,208,255,14,82,259,25,26,21,22,62,12,13,19,20,23,24,17,18,29,30,31,63,64,65],"class_list":{"0":"post-26198","1":"post","2":"type-post","3":"status-publish","4":"format-standard","5":"has-post-thumbnail","7":"category-mundo","8":"tag-al-jazeera","9":"tag-breaking-news","10":"tag-breakingnews","11":"tag-edicao-impressa","12":"tag-faixa-de-gaza","13":"tag-featured-news","14":"tag-featurednews","15":"tag-franca","16":"tag-hamas","17":"tag-headlines","18":"tag-internacional","19":"tag-israel","20":"tag-latest-news","21":"tag-latestnews","22":"tag-main-news","23":"tag-mainnews","24":"tag-mundo","25":"tag-news","26":"tag-noticias","27":"tag-noticias-principais","28":"tag-noticiasprincipais","29":"tag-principais-noticias","30":"tag-principaisnoticias","31":"tag-top-stories","32":"tag-topstories","33":"tag-ultimas","34":"tag-ultimas-noticias","35":"tag-ultimasnoticias","36":"tag-world","37":"tag-world-news","38":"tag-worldnews"},"share_on_mastodon":{"url":"","error":""},"_links":{"self":[{"href":"https:\/\/www.europesays.com\/pt\/wp-json\/wp\/v2\/posts\/26198","targetHints":{"allow":["GET"]}}],"collection":[{"href":"https:\/\/www.europesays.com\/pt\/wp-json\/wp\/v2\/posts"}],"about":[{"href":"https:\/\/www.europesays.com\/pt\/wp-json\/wp\/v2\/types\/post"}],"author":[{"embeddable":true,"href":"https:\/\/www.europesays.com\/pt\/wp-json\/wp\/v2\/users\/2"}],"replies":[{"embeddable":true,"href":"https:\/\/www.europesays.com\/pt\/wp-json\/wp\/v2\/comments?post=26198"}],"version-history":[{"count":0,"href":"https:\/\/www.europesays.com\/pt\/wp-json\/wp\/v2\/posts\/26198\/revisions"}],"wp:featuredmedia":[{"embeddable":true,"href":"https:\/\/www.europesays.com\/pt\/wp-json\/wp\/v2\/media\/26199"}],"wp:attachment":[{"href":"https:\/\/www.europesays.com\/pt\/wp-json\/wp\/v2\/media?parent=26198"}],"wp:term":[{"taxonomy":"category","embeddable":true,"href":"https:\/\/www.europesays.com\/pt\/wp-json\/wp\/v2\/categories?post=26198"},{"taxonomy":"post_tag","embeddable":true,"href":"https:\/\/www.europesays.com\/pt\/wp-json\/wp\/v2\/tags?post=26198"}],"curies":[{"name":"wp","href":"https:\/\/api.w.org\/{rel}","templated":true}]}}