{"id":2621,"date":"2025-07-26T15:30:16","date_gmt":"2025-07-26T15:30:16","guid":{"rendered":"https:\/\/www.europesays.com\/pt\/2621\/"},"modified":"2025-07-26T15:30:16","modified_gmt":"2025-07-26T15:30:16","slug":"racionais-mcs-e-busta-rhymes-se-encontram-em-estudio-nos-eua","status":"publish","type":"post","link":"https:\/\/www.europesays.com\/pt\/2621\/","title":{"rendered":"Racionais MC\u2019s e Busta Rhymes se encontram em est\u00fadio nos EUA"},"content":{"rendered":"<p class=\"my-5 break-words\">Gravando um novo \u00e1lbum em Nova Iorque, nos Estados Unidos, o grupo <strong>Racionais MC&#8217;s<\/strong> se encontrou com o rapper americano <strong>Busta Rhymes<\/strong>. O registro foi compartilhado nas redes sociais nesta quinta-feira (24).<\/p>\n<p class=\"my-5 break-words\">&#8220;Tinha umas ideias de que o homem gravava nesse est\u00fadio por aqui\u2026 e talvez apareceria essa semana. Mas como nada \u00e9 por acaso, um pouco depois das 9pm \u2014 o cara [sic] chegou. M\u00f3 [sic] sangue bom. Gente da gente. Parecia papo de 30 anos de amizade&#8221;, escreveu o perfil oficial de <a href=\"https:\/\/www.cnnbrasil.com.br\/educacao\/unicamp-concede-titulo-de-doutor-honoris-causa-ao-grupo-racionais-mcs\/\" class=\"text-red-600 underline hover:text-red-500 font-medium break-words\" target=\"_self\" rel=\"nofollow noopener\">um dos grupos mais importantes do rap nacional<\/a>.<\/p>\n<p class=\"my-5 break-words\">A reuni\u00e3o n\u00e3o foi confirmada como uma colabora\u00e7\u00e3o musical com <strong>Busta Rhymes<\/strong>, considerado um dos maiores nomes do hip hop mundial, mas levanta especula\u00e7\u00f5es de poss\u00edveis participa\u00e7\u00f5es internacionais no novo disco do <a href=\"https:\/\/www.cnnbrasil.com.br\/entretenimento\/exposicao-dos-racionais-mcs-e-prorrogada-ate-agosto-no-museu-das-favelas\/\" class=\"text-red-600 underline hover:text-red-500 font-medium break-words\" target=\"_self\" rel=\"nofollow noopener\">Racionais MC&#8217;s<\/a>.<\/p>\n<p class=\"my-5 break-words\"><a href=\"https:\/\/www.cnnbrasil.com.br\/esportes\/futebol\/santos\/santos-parabeniza-mano-brown-dos-racionais-mcs-pelos-55-anos\/\" class=\"text-red-600 underline hover:text-red-500 font-medium break-words\" target=\"_self\" rel=\"nofollow noopener\"><strong>Mano Brown<\/strong><\/a>,\u00a0<strong>KL Jay<\/strong>,\u00a0<strong>Ice Blue<\/strong>\u00a0e\u00a0<strong>Edi Rock\u00a0<\/strong>voltam a se dedicar a um novo projeto ap\u00f3s mais de dez anos sem o lan\u00e7amento de um disco com faixas in\u00e9ditas. O \u00faltimo foi \u201c<strong>Cores e Valores<\/strong>\u201c, lan\u00e7ado em 2012.<\/p>\n<p class=\"my-5 break-words\">Confira:<\/p>\n<blockquote class=\"instagram-media\" style=\"background:#FFF;border:0;border-radius:3px;box-shadow:0 0 1px 0 rgba(0,0,0,0.5),0 1px 10px 0 rgba(0,0,0,0.15);margin:1px;max-width:540px;min-width:326px;padding:0;width:calc(100% - 2px)\" data-instgrm-captioned=\"\" data-instgrm-permalink=\"https:\/\/www.instagram.com\/p\/DMf-nL1R8nm\/?utm_source=ig_embed&amp;utm_campaign=loading\" data-instgrm-version=\"14\">\n<\/blockquote>\n<p><script async src=\"\/\/www.instagram.com\/embed.js\"><\/script><\/p>\n","protected":false},"excerpt":{"rendered":"Gravando um novo \u00e1lbum em Nova Iorque, nos Estados Unidos, o grupo Racionais MC&#8217;s se encontrou com o&hellip;\n","protected":false},"author":2,"featured_media":2622,"comment_status":"","ping_status":"","sticky":false,"template":"","format":"standard","meta":{"footnotes":""},"categories":[141],"tags":[114,115,149,150,32,33],"class_list":{"0":"post-2621","1":"post","2":"type-post","3":"status-publish","4":"format-standard","5":"has-post-thumbnail","7":"category-musica","8":"tag-entertainment","9":"tag-entretenimento","10":"tag-music","11":"tag-musica","12":"tag-portugal","13":"tag-pt"},"share_on_mastodon":{"url":"","error":""},"_links":{"self":[{"href":"https:\/\/www.europesays.com\/pt\/wp-json\/wp\/v2\/posts\/2621","targetHints":{"allow":["GET"]}}],"collection":[{"href":"https:\/\/www.europesays.com\/pt\/wp-json\/wp\/v2\/posts"}],"about":[{"href":"https:\/\/www.europesays.com\/pt\/wp-json\/wp\/v2\/types\/post"}],"author":[{"embeddable":true,"href":"https:\/\/www.europesays.com\/pt\/wp-json\/wp\/v2\/users\/2"}],"replies":[{"embeddable":true,"href":"https:\/\/www.europesays.com\/pt\/wp-json\/wp\/v2\/comments?post=2621"}],"version-history":[{"count":0,"href":"https:\/\/www.europesays.com\/pt\/wp-json\/wp\/v2\/posts\/2621\/revisions"}],"wp:featuredmedia":[{"embeddable":true,"href":"https:\/\/www.europesays.com\/pt\/wp-json\/wp\/v2\/media\/2622"}],"wp:attachment":[{"href":"https:\/\/www.europesays.com\/pt\/wp-json\/wp\/v2\/media?parent=2621"}],"wp:term":[{"taxonomy":"category","embeddable":true,"href":"https:\/\/www.europesays.com\/pt\/wp-json\/wp\/v2\/categories?post=2621"},{"taxonomy":"post_tag","embeddable":true,"href":"https:\/\/www.europesays.com\/pt\/wp-json\/wp\/v2\/tags?post=2621"}],"curies":[{"name":"wp","href":"https:\/\/api.w.org\/{rel}","templated":true}]}}