{"id":262104,"date":"2026-02-08T19:24:12","date_gmt":"2026-02-08T19:24:12","guid":{"rendered":"https:\/\/www.europesays.com\/pt\/262104\/"},"modified":"2026-02-08T19:24:12","modified_gmt":"2026-02-08T19:24:12","slug":"mais-potente-e-mais-caro-e-uma-ma-surpresa","status":"publish","type":"post","link":"https:\/\/www.europesays.com\/pt\/262104\/","title":{"rendered":"mais potente e mais caro e uma m\u00e1 surpresa!"},"content":{"rendered":"<p style=\"text-align: justify;\">O T1 regressa ao radar com um conjunto de especifica\u00e7\u00f5es que, \u00e0 partida, o posicionam no segmento m\u00e9dio\u2011alto do mercado. O destaque vai para um ecr\u00e3 de cerca de 6,8 polegadas, dimens\u00e3o que agrada a quem consome v\u00eddeo e joga no telem\u00f3vel. O processador escolhido pertence \u00e0 fam\u00edlia Qualcomm Snapdragon 7, uma plataforma capaz de lidar com multitarefa e gaming moderado sem consumir bateria de forma excessiva. N\u00e3o \u00e9 um topo de gama, mas dever\u00e1 garantir fluidez para o dia a dia.<\/p>\n<p style=\"text-align: justify;\">A mem\u00f3ria interna anunciada \u00e9 generosa: 512 GB, com possibilidade de expans\u00e3o via cart\u00e3o microSD. Num panorama em que muitos fabricantes abandonaram o slot de expans\u00e3o, este detalhe faz a diferen\u00e7a para quem grava v\u00eddeo 4K, descarrega s\u00e9ries para viagens ou quer manter uma biblioteca de fotos local. A bateria de 5.000 mAh tamb\u00e9m \u00e9 um trunfo evidente, prometendo um dia inteiro de utiliza\u00e7\u00e3o intensiva e, em perfis mais leves, dois dias sem dramas. Mas a grande surpresa nem \u00e9 as especifica\u00e7\u00f5es.<\/p>\n<p style=\"text-align: justify;\">Um dos destaques no novo smartphone Trump T1 \u00e9 que seria fabricado nos EUA, algo que levou logo ao frangir das sobrancelhas pela imprensa especializada, mas que pretendia ser o grande destaque do smartphone. Inclusive, justificou algum adiamento. Mas, nesta nova reportagem, j\u00e1 indicam que o novo smartphone associado ao Presidente dos EAU n\u00e3o ser\u00e1 fabricado nos EUA.<\/p>\n<p style=\"text-align: justify;\">No campo das c\u00e2maras, fala\u2011se em 50 MP tanto na c\u00e2mara frontal como na principal traseira. Este n\u00famero, por si s\u00f3, n\u00e3o conta a hist\u00f3ria toda; importa a qualidade do sensor, a abertura da lente e, sobretudo, o processamento de imagem. H\u00e1 ainda a indica\u00e7\u00e3o de que o m\u00f3dulo traseiro poder\u00e1 incluir uma ultra\u2011grande angular e uma teleobjetiva, solu\u00e7\u00e3o vers\u00e1til que muitos utilizadores valorizam para fotografia urbana e retratos. Falta, contudo, confirmar dist\u00e2ncias focais, estabiliza\u00e7\u00e3o \u00f3tica e performance noturna \u2014 pontos que distinguem um bom smartphone de um excelente.<\/p>\n<p><img fetchpriority=\"high\" decoding=\"async\" class=\"size-full wp-image-288693\" src=\"data:image\/svg+xml,%3Csvg%20xmlns=\" http:=\"\" alt=\"\" width=\"750\" height=\"495\" data-lazy- data-lazy- data-lazy-src=\"https:\/\/www.europesays.com\/pt\/wp-content\/uploads\/2026\/02\/trump-t1-esta-de-volta-mais-potente-e-mais-caro-maistecnologia.com.jpg\"\/>Fonte: The Verge<br \/>\nPre\u00e7o de lan\u00e7amento do T1: o \u201cdoce\u201d para early adopters<\/p>\n<p style=\"text-align: justify;\">O valor de 499 d\u00f3lares surge como pre\u00e7o de entrada, mas com asterisco: \u00e9 indicado como exclusivo para quem comprar cedo. Ap\u00f3s essa fase, o pre\u00e7o subir\u00e1 para um montante ainda por revelar. Esta estrat\u00e9gia \u00e9 comum para gerar tra\u00e7\u00e3o inicial e testar o apetite do mercado, mas complica a decis\u00e3o de compra. Para consumidores em Portugal, h\u00e1 que somar custos de envio, impostos e eventuais taxas alfandeg\u00e1rias \u2014 o pre\u00e7o real pode facilmente ultrapassar a fasquia psicol\u00f3gica dos 500 euros, dependendo da origem do envio e da pol\u00edtica do retalhista.<\/p>\n<p style=\"text-align: justify;\">Quem estiver tentado a entrar j\u00e1 no lote inicial deve pesar o risco: sem testes independentes, fica-se \u00e0 merc\u00ea de promessas. Por outro lado, quem aguardar poder\u00e1 pagar mais, mas compra com melhor informa\u00e7\u00e3o: reviews, comparativos e feedback de utilizadores sobre software, c\u00e2maras e aquecimento.<\/p>\n<p>Fabrico fora dos EUA: expectativas versus realidade<\/p>\n<p style=\"text-align: justify;\">Apesar de mensagens de marketing anteriores apontarem para fabrico em territ\u00f3rio norte\u2011americano, a produ\u00e7\u00e3o do T1 n\u00e3o ocorrer\u00e1 nos EUA. No plano t\u00e9cnico, isto n\u00e3o \u00e9, por si, um dem\u00e9rito \u2014 a esmagadora maioria dos smartphones \u00e9 montada em pa\u00edses asi\u00e1ticos com enorme experi\u00eancia industrial e controlo de qualidade. O problema \u00e9 de coer\u00eancia e confian\u00e7a: quando a narrativa muda, o consumidor questiona o resto.<\/p>\n<p style=\"text-align: justify;\">Para quem avalia a compra, o local de fabrico interessa menos do que tr\u00eas garantias concretas: ciclos de atualiza\u00e7\u00e3o do Android e patches de seguran\u00e7a, rede de assist\u00eancia\/garantia na Europa e transpar\u00eancia sobre componentes (modem, bandas 5G, carregamento r\u00e1pido, certifica\u00e7\u00f5es IP). Sem isso, qualquer r\u00f3tulo de origem vale pouco.<\/p>\n<p>Seis meses de sil\u00eancio e um design que j\u00e1 n\u00e3o \u00e9 o mesmo<\/p>\n<p><img loading=\"lazy\" decoding=\"async\" class=\"aligncenter size-full wp-image-286979\" src=\"data:image\/svg+xml,%3Csvg%20xmlns=\" http:=\"\" alt=\"Trump Mobile T1 volta a ser adiado para 2026,\" width=\"1199\" height=\"736\" data-lazy- data-lazy- data-lazy-src=\"https:\/\/www.europesays.com\/pt\/wp-content\/uploads\/2026\/02\/Trump-Mobile-T1-volta-a-ser-adiado-para-2026.jpg\"\/><\/p>\n<p style=\"text-align: justify;\">O <a href=\"https:\/\/www.maistecnologia.com\/trump-mobile-volta-a-adiar-o-t1-para-2026\/\" target=\"_blank\" rel=\"noopener nofollow\">T1 tinha sido apontado para lan\u00e7amento h\u00e1 meio ano.<\/a> Entretanto, desenho, especifica\u00e7\u00f5es e at\u00e9 o pre\u00e7o sofreram altera\u00e7\u00f5es. Acontece em tecnologia \u2014 desenvolver hardware \u00e9 complexo \u2014, mas o hist\u00f3rico recente aconselha prud\u00eancia. Fotografias e renders iniciais divergiam do prot\u00f3tipo mostrado mais tarde, alimentando d\u00favidas sobre maturidade do projeto.<\/p>\n<p style=\"text-align: justify;\">O que fazer, ent\u00e3o? A receita \u00e9 simples:<\/p>\n<ul>\n<li style=\"text-align: justify;\">Esperar por hands\u2011on cred\u00edveis com amostras de fotografia e v\u00eddeo, incluindo noite e teleobjetiva.<\/li>\n<li style=\"text-align: justify;\">Confirmar bandas de rede \u00fateis em Portugal (4G: 1\/3\/7\/20\/28; 5G: 1\/3\/7\/28\/78, entre outras), para evitar surpresas com cobertura.<\/li>\n<li style=\"text-align: justify;\">Verificar pol\u00edtica de atualiza\u00e7\u00f5es (quantos anos de Android e de seguran\u00e7a?) e presen\u00e7a de bloatware.<\/li>\n<li style=\"text-align: justify;\">Confirmar normas de carregamento (pot\u00eancia, compatibilidade USB\u2011PD) e se h\u00e1 carregador na caixa.<\/li>\n<li style=\"text-align: justify;\">Analisar a garantia (m\u00ednimo 2 anos na UE) e pontos de assist\u00eancia.<\/li>\n<\/ul>\n<p>Quem deve considerar o T1 \u2014 e quem deve passar \u00e0 frente<\/p>\n<p style=\"text-align: justify;\">Se procura um smartphone grande, com muita autonomia, armazenamento expans\u00edvel e um conjunto de c\u00e2maras potencialmente vers\u00e1til, o T1 pode encaixar no seu perfil \u2014 sobretudo se o pre\u00e7o de early adopter se mantiver perto dos 499 d\u00f3lares e as avalia\u00e7\u00f5es confirmarem boa afina\u00e7\u00e3o de software. Para quem valoriza ecosistema, atualiza\u00e7\u00f5es longas e fotografia de refer\u00eancia, os rivais tradicionais continuam a oferecer certezas: flagships Android com processadores de topo, ou a linha iPhone para quem vive no universo Apple.<\/p>\n<p style=\"text-align: justify;\">Em resumo, o T1 chega com argumentos interessantes no papel, mas carrega tamb\u00e9m um lastro de promessas revistas e mudan\u00e7as de rumo que exigem ver para crer. Os pr\u00f3ximos meses dir\u00e3o se estamos perante uma alternativa s\u00f3lida no segmento m\u00e9dio\u2011alto ou apenas mais um an\u00fancio ruidoso com pouca subst\u00e2ncia.<\/p>\n<p>FAQ<\/p>\n<p style=\"text-align: justify;\"><strong>\u2013 Quando \u00e9 que o Trump T1 come\u00e7a a ser enviado?<\/strong><br \/>As indica\u00e7\u00f5es atuais apontam para a primavera, primeiro para compradores iniciais. Datas podem escorregar consoante certifica\u00e7\u00f5es e log\u00edstica.<\/p>\n<p style=\"text-align: justify;\"><strong>\u2013 O pre\u00e7o de 499 d\u00f3lares \u00e9 final?<\/strong><br \/>N\u00e3o. \u00c9 referido como pre\u00e7o para early adopters. O valor para compras posteriores dever\u00e1 ser superior, ainda sem confirma\u00e7\u00e3o oficial.<\/p>\n<p style=\"text-align: justify;\"><strong>\u2013 O T1 \u00e9 fabricado nos Estados Unidos?<\/strong><br \/>N\u00e3o. A produ\u00e7\u00e3o n\u00e3o ser\u00e1 nos EUA, apesar de comunica\u00e7\u00f5es pr\u00e9vias sugerirem o contr\u00e1rio.<\/p>\n<p style=\"text-align: justify;\"><strong>\u2013 Quais s\u00e3o as especifica\u00e7\u00f5es principais conhecidas?<\/strong><br \/>Ecr\u00e3 ~6,8\u2033, chipset Qualcomm Snapdragon 7, 512 GB de armazenamento com expans\u00e3o microSD, bateria de 5.000 mAh, c\u00e2mara principal de 50 MP e c\u00e2mara frontal de 50 MP; poder\u00e3o existir lentes ultra\u2011wide e telefoto na traseira.<\/p>\n<p style=\"text-align: justify;\"><strong>\u2013 Vai funcionar com 5G em Portugal?<\/strong><br \/>Por confirmar. Antes de comprar, verifique se suporta as bandas usadas c\u00e1, em especial n1, n3, n7, n28 e n78 para 5G, e as bandas 4G 1\/3\/7\/20\/28.<\/p>\n<p style=\"text-align: justify;\">Fonte: <a href=\"https:\/\/www.theverge.com\/gadgets\/875190\/trump-phone-t1-first-look-design-interview-eric-thomas-don-hendrickson\" target=\"_blank\" rel=\"noopener nofollow\">The Verge<\/a><\/p>\n","protected":false},"excerpt":{"rendered":"O T1 regressa ao radar com um conjunto de especifica\u00e7\u00f5es que, \u00e0 partida, o posicionam no segmento m\u00e9dio\u2011alto&hellip;\n","protected":false},"author":2,"featured_media":262105,"comment_status":"","ping_status":"","sticky":false,"template":"","format":"standard","meta":{"footnotes":"","_share_on_mastodon":"0"},"categories":[84],"tags":[48552,48553,48554,39418,109,107,108,48555,48556,48557,48558,33149,32,48559,33,105,103,104,48560,48561,106,110,48562,48563,48564],"class_list":["post-262104","post","type-post","status-publish","format-standard","has-post-thumbnail","category-ciencia-e-tecnologia","tag-50-mp","tag-5g-portugal","tag-analise-t1","tag-bateria-5000-mah","tag-ciencia","tag-ciencia-e-tecnologia","tag-cienciaetecnologia","tag-comprar-trump-t1-portugal","tag-ecra-6-8-polegadas","tag-especificacoes-trump-t1","tag-lancamento-trump-t1","tag-microsd","tag-portugal","tag-preco-trump-t1","tag-pt","tag-science","tag-science-and-technology","tag-scienceandtechnology","tag-smartphone-t1","tag-snapdragon-7","tag-technology","tag-tecnologia","tag-telefone-donald-trump","tag-trump-mobile","tag-trump-t1"],"share_on_mastodon":{"url":"https:\/\/pubeurope.com\/@pt\/116036649765449847","error":""},"_links":{"self":[{"href":"https:\/\/www.europesays.com\/pt\/wp-json\/wp\/v2\/posts\/262104","targetHints":{"allow":["GET"]}}],"collection":[{"href":"https:\/\/www.europesays.com\/pt\/wp-json\/wp\/v2\/posts"}],"about":[{"href":"https:\/\/www.europesays.com\/pt\/wp-json\/wp\/v2\/types\/post"}],"author":[{"embeddable":true,"href":"https:\/\/www.europesays.com\/pt\/wp-json\/wp\/v2\/users\/2"}],"replies":[{"embeddable":true,"href":"https:\/\/www.europesays.com\/pt\/wp-json\/wp\/v2\/comments?post=262104"}],"version-history":[{"count":0,"href":"https:\/\/www.europesays.com\/pt\/wp-json\/wp\/v2\/posts\/262104\/revisions"}],"wp:featuredmedia":[{"embeddable":true,"href":"https:\/\/www.europesays.com\/pt\/wp-json\/wp\/v2\/media\/262105"}],"wp:attachment":[{"href":"https:\/\/www.europesays.com\/pt\/wp-json\/wp\/v2\/media?parent=262104"}],"wp:term":[{"taxonomy":"category","embeddable":true,"href":"https:\/\/www.europesays.com\/pt\/wp-json\/wp\/v2\/categories?post=262104"},{"taxonomy":"post_tag","embeddable":true,"href":"https:\/\/www.europesays.com\/pt\/wp-json\/wp\/v2\/tags?post=262104"}],"curies":[{"name":"wp","href":"https:\/\/api.w.org\/{rel}","templated":true}]}}