{"id":26212,"date":"2025-08-12T12:24:08","date_gmt":"2025-08-12T12:24:08","guid":{"rendered":"https:\/\/www.europesays.com\/pt\/26212\/"},"modified":"2025-08-12T12:24:08","modified_gmt":"2025-08-12T12:24:08","slug":"ruben-amorim-faz-pedido-de-contratacao-a-direcao-do-manchester-united","status":"publish","type":"post","link":"https:\/\/www.europesays.com\/pt\/26212\/","title":{"rendered":"Ruben Amorim faz pedido de contrata\u00e7\u00e3o \u00e0 dire\u00e7\u00e3o do Manchester United"},"content":{"rendered":"<p><strong>Ruben Amorim pediu a contrata\u00e7\u00e3o de Gianluigi Donnarumma junto do PSG. Treinador quer um novo guarda-redes no Manchester United.<\/strong><\/p>\n<p>O Manchester United vai lan\u00e7ar-se na corrida por Gianluigi Donnarumma. De acordo com o CaughtOffside, o guarda-redes foi um pedido expresso de Ruben Amorim que, de resto,<a href=\"https:\/\/bolanarede.pt\/especial-bola-na-rede\/atualidade\/ruben-amorim-animado-apos-ser-questionado-sobre-o-interesse-do-manchester-united-em-gianluigi-donnarumma\/\" target=\"_blank\" rel=\"noreferrer noopener nofollow\"> j\u00e1 foi questionado sobre o assunto<\/a>. <\/p>\n<p>O t\u00e9cnico portugu\u00eas quer fechar a chegada de um novo guarda-redes ao plantel e tem o italiano como uma das prefer\u00eancias. Os red devils v\u00e3o agora prosseguir com as negocia\u00e7\u00f5es.<\/p>\n<p>O interesse dos\u00a0red devils\u00a0no guarda-redes italiano<a href=\"https:\/\/bolanarede.pt\/especial-bola-na-rede\/atualidade\/guarda-redes-de-topo-aceita-rumar-ao-manchester-united-de-ruben-amorim\/\" target=\"_blank\" rel=\"noreferrer noopener nofollow\">\u00a0subiu de tom nos \u00faltimos dias\u00a0<\/a>e, com Lucas Chevalier\u00a0<a href=\"https:\/\/bolanarede.pt\/especial-bola-na-rede\/atualidade\/lucas-chevalier-oficializado-como-novo-guarda-redes-do-psg\/\" target=\"_blank\" rel=\"noreferrer noopener nofollow\">j\u00e1 oficializado como novo guarda-redes do PSG<\/a>, sa\u00edda de Gianluigi Donnarumma que em final de contrato e sem espa\u00e7o a uma renova\u00e7\u00e3o, ganhou ainda mais for\u00e7a.<\/p>\n","protected":false},"excerpt":{"rendered":"Ruben Amorim pediu a contrata\u00e7\u00e3o de Gianluigi Donnarumma junto do PSG. Treinador quer um novo guarda-redes no Manchester&hellip;\n","protected":false},"author":2,"featured_media":26213,"comment_status":"","ping_status":"","sticky":false,"template":"","format":"standard","meta":{"footnotes":""},"categories":[87],"tags":[260,135,7065,1767,663,32,666,1758,33,1052,134],"class_list":{"0":"post-26212","1":"post","2":"type-post","3":"status-publish","4":"format-standard","5":"has-post-thumbnail","7":"category-desporto","8":"tag-atualidade","9":"tag-desporto","10":"tag-gianluigi-donnarumma","11":"tag-ligue-1","12":"tag-manchester-united","13":"tag-portugal","14":"tag-premier-league","15":"tag-psg","16":"tag-pt","17":"tag-ruben-amorim","18":"tag-sports"},"share_on_mastodon":{"url":"","error":""},"_links":{"self":[{"href":"https:\/\/www.europesays.com\/pt\/wp-json\/wp\/v2\/posts\/26212","targetHints":{"allow":["GET"]}}],"collection":[{"href":"https:\/\/www.europesays.com\/pt\/wp-json\/wp\/v2\/posts"}],"about":[{"href":"https:\/\/www.europesays.com\/pt\/wp-json\/wp\/v2\/types\/post"}],"author":[{"embeddable":true,"href":"https:\/\/www.europesays.com\/pt\/wp-json\/wp\/v2\/users\/2"}],"replies":[{"embeddable":true,"href":"https:\/\/www.europesays.com\/pt\/wp-json\/wp\/v2\/comments?post=26212"}],"version-history":[{"count":0,"href":"https:\/\/www.europesays.com\/pt\/wp-json\/wp\/v2\/posts\/26212\/revisions"}],"wp:featuredmedia":[{"embeddable":true,"href":"https:\/\/www.europesays.com\/pt\/wp-json\/wp\/v2\/media\/26213"}],"wp:attachment":[{"href":"https:\/\/www.europesays.com\/pt\/wp-json\/wp\/v2\/media?parent=26212"}],"wp:term":[{"taxonomy":"category","embeddable":true,"href":"https:\/\/www.europesays.com\/pt\/wp-json\/wp\/v2\/categories?post=26212"},{"taxonomy":"post_tag","embeddable":true,"href":"https:\/\/www.europesays.com\/pt\/wp-json\/wp\/v2\/tags?post=26212"}],"curies":[{"name":"wp","href":"https:\/\/api.w.org\/{rel}","templated":true}]}}