{"id":26222,"date":"2025-08-12T12:36:19","date_gmt":"2025-08-12T12:36:19","guid":{"rendered":"https:\/\/www.europesays.com\/pt\/26222\/"},"modified":"2025-08-12T12:36:19","modified_gmt":"2025-08-12T12:36:19","slug":"ex-assessora-de-ministra-sugere-chamar-cpcj-em-casos-de-amamentacao-apos-dois-anos-trabalho","status":"publish","type":"post","link":"https:\/\/www.europesays.com\/pt\/26222\/","title":{"rendered":"Ex-assessora de ministra sugere chamar CPCJ em casos de amamenta\u00e7\u00e3o ap\u00f3s dois anos | Trabalho"},"content":{"rendered":"<p>Elsa Gomes, actual directora-adjunta do Centro Nacional de Pens\u00f5es do Instituto da Seguran\u00e7a Social e ex-assessora da ministra Maria do Ros\u00e1rio Palma Ramalho, escreveu nas redes sociais: \u201cNenhuma mulher normal amamenta um filho depois dos dois anos, quem diz o contr\u00e1rio n\u00e3o pode ser boa m\u00e3e!\u201d A dirigente considera que esses casos devem \u201cexigir a interven\u00e7\u00e3o da CPCJ\u201d \u2014 as Comiss\u00f5es de Protec\u00e7\u00e3o de Crian\u00e7as e Jovens \u2015,\u200b defendendo que \u201cas fraudes devem ser combatidas sem qualquer receio\u201d. O coment\u00e1rio de Elsa Gomes foi noticiado pelo <a href=\"https:\/\/expresso.pt\/economia\/seguranca-social\/2025-08-11-nenhuma-mulher-normal-amamenta-depois-dos-dois-anos-dirigente-da-seguranca-social-e-ex-assessora-da-ministra-diz-que-cpcj-deve-intervir-1adb391a\" target=\"_blank\" rel=\"nofollow noopener\">Expresso<\/a> e confirmado pela pr\u00f3pria ao seman\u00e1rio.<\/p>\n<p>Elsa Gomes diz ser m\u00e3e de dois filhos e argumenta que os casos de amamenta\u00e7\u00e3o ap\u00f3s essa idade s\u00f3 existem \u201cpara quem vive no mundo da fantasia\u201d. \u201cOs filhos j\u00e1 est\u00e3o na creche ou no infant\u00e1rio, a comer outros alimentos. N\u00e3o cabe na cabe\u00e7a de ningu\u00e9m que uma m\u00e3e o fa\u00e7a\u201d, referiu, j\u00e1 em declara\u00e7\u00f5es ao jornal.<\/p>\n<p>A afirma\u00e7\u00e3o surge depois de a ministra do Trabalho, Solidariedade e Seguran\u00e7a Social, em <a href=\"https:\/\/www.jn.pt\/nacional\/artigo\/ministra-do-trabalho-ha-criancas-amamentadas-ate-a-primaria-para-as-maes-terem-horario-reduzido\/17856919\" target=\"_blank\" rel=\"nofollow noopener\">entrevista \u00e0 TSF e ao Jornal de Not\u00edcias<\/a>, ter dito que tem conhecimento \u201cde muitas pr\u00e1ticas em que, de facto, as crian\u00e7as parece que continuam a ser amamentadas para dar \u00e0 trabalhadora um hor\u00e1rio reduzido, que \u00e9 duas horas por dia que o empregador paga, at\u00e9 andarem na escola prim\u00e1ria\u201d.\u200b Maria do Ros\u00e1rio Palma Ramalho justificava assim a proposta do Governo para limitar a dispensa para amamenta\u00e7\u00e3o at\u00e9 aos dois anos da crian\u00e7a. \u201cHouve aqui a defini\u00e7\u00e3o de uma baliza que me parece l\u00f3gica, que \u00e9 de dois anos\u201d, defendeu.<\/p>\n<p>Por sua vez, a <a href=\"https:\/\/www.publico.pt\/2025\/08\/07\/sociedade\/noticia\/act-nao-registo-trabalhadoras-abusaram-licenca-amamentacao-2143278\" target=\"_blank\" rel=\"nofollow noopener\">Autoridade para as Condi\u00e7\u00f5es do Trabalho (ACT)<\/a> disse \u00e0 Lusa desconhecer casos de trabalhadoras que tenham usado a licen\u00e7a de amamenta\u00e7\u00e3o de forma ilegal nos \u00faltimos cinco anos, ao passo que identificou 23 casos de abuso por parte das empresas.<\/p>\n<p>        &#13;<\/p>\n<p>&#13;<br \/>\n                &#13;\n            <\/p>\n<p>&#13;<\/p>\n<p>Para <a href=\"https:\/\/www.publico.pt\/2025\/08\/05\/politica\/noticia\/oms-unicef-defendem-apoiar-amamentacao-imperativo-moral-economico-2143012\" target=\"_blank\" rel=\"nofollow noopener\">a OMS e Unicef<\/a>, \u201ca amamenta\u00e7\u00e3o \u00e9 uma das formas mais eficazes de garantir a sa\u00fade, o desenvolvimento e a sobreviv\u00eancia de um beb\u00e9 nas fases mais precoces da vida\u201d.<\/p>\n<p>Usam os filhos \u201cpara benef\u00edcio pr\u00f3prio\u201d<\/p>\n<p>O coment\u00e1rio de Elsa Gomes foi feito numa reac\u00e7\u00e3o de concord\u00e2ncia com uma publica\u00e7\u00e3o do secret\u00e1rio-geral da Confedera\u00e7\u00e3o do Turismo Portugu\u00eas, Nuno Bernardo, <a href=\"https:\/\/www.linkedin.com\/posts\/nuno-bernardo-04825415_nas-%C3%BAltimas-semanas-a-proposta-de-reforma-activity-7358493517486223361-3XY5?utm_source=share&amp;utm_medium=member_desktop&amp;rcm=ACoAACFfAQEBkWMtqdSmXxhmBpjyrvpBTfdJVas\" target=\"_blank\" rel=\"nofollow noopener\">no LinkedIn<\/a>, em que este afirma: \u201cParticularmente injusta tem sido a acusa\u00e7\u00e3o de que a proposta [de reforma laboral do Governo] atenta contra os direitos de parentalidade.\u201d E acrescenta que \u201creduzir a proposta a um \u2018ataque \u00e0 fam\u00edlia\u2019 \u00e9, al\u00e9m de falso, deturpador e pouco t\u00e9cnico\u201d.<\/p>\n<p>Para a ex-assessora da governante, as <a href=\"https:\/\/www.publico.pt\/2025\/08\/06\/sociedade\/noticia\/mulheres-continuam-impedidas-usufruir-licenca-amamentacao-acusa-cite-2143159\" target=\"_blank\" rel=\"nofollow noopener\">m\u00e3es que amamentam<\/a> os filhos al\u00e9m dos dois anos \u201cn\u00e3o se preocupam\u201d com eles \u2015\u200b \u201cusam-nos para benef\u00edcio pr\u00f3prio\u201d. \u201cNenhuma crian\u00e7a pode andar a mamar com essa idade, isso n\u00e3o faz qualquer sentido\u201d, afirmou ao Expresso.<\/p>\n<p>Quanto a uma eventual necessidade de discri\u00e7\u00e3o quanto \u00e0 forma como se exprime nas redes sociais, tendo em conta a fun\u00e7\u00e3o que desempenha actualmente e os cargos pol\u00edticos anteriores, Elsa Gomes defende que tem \u201cliberdade de express\u00e3o\u201d para dizer que n\u00e3o concorda com algumas reac\u00e7\u00f5es \u00e0 <a href=\"https:\/\/www.publico.pt\/2025\/07\/24\/politica\/noticia\/governo-aprovou-nova-reforma-laboral-nao-detalhou-medidas-2141620\" target=\"_blank\" rel=\"nofollow noopener\">proposta \u201cTrabalho XXI\u201d<\/a>\u200b aprovada em Conselho de Ministros no dia 24 de Julho.<\/p>\n<p>\u201cAl\u00e9m disso, tenho a responsabilidade adicional de informar, porque tenho mais conhecimento sobre a mat\u00e9ria. Trabalho na Seguran\u00e7a Social h\u00e1 25 anos e isso permite-me ter ainda mais certeza no que escrevi. Conhe\u00e7o a fundo estas mat\u00e9rias e sei como a m\u00e1quina funciona, com muitas fraudes. Acho que o problema neste pa\u00eds \u00e9 que o jornalismo aborda esta \u00e1rea com um foco muito \u00e0 esquerda\u201d, referiu ainda ao Expresso.<\/p>\n","protected":false},"excerpt":{"rendered":"Elsa Gomes, actual directora-adjunta do Centro Nacional de Pens\u00f5es do Instituto da Seguran\u00e7a Social e ex-assessora da ministra&hellip;\n","protected":false},"author":2,"featured_media":26223,"comment_status":"","ping_status":"","sticky":false,"template":"","format":"standard","meta":{"footnotes":""},"categories":[8],"tags":[995,5362,27,28,353,15,16,14,25,26,21,22,9076,12,13,19,20,9077,52,32,23,24,33,915,17,18,849,29,30,31],"class_list":{"0":"post-26222","1":"post","2":"type-post","3":"status-publish","4":"format-standard","5":"has-post-thumbnail","7":"category-principais-noticias","8":"tag-abre-conteudo","9":"tag-amamentacao","10":"tag-breaking-news","11":"tag-breakingnews","12":"tag-em-destaque","13":"tag-featured-news","14":"tag-featurednews","15":"tag-headlines","16":"tag-latest-news","17":"tag-latestnews","18":"tag-main-news","19":"tag-mainnews","20":"tag-maria-do-rosario-palma-ramalho","21":"tag-news","22":"tag-noticias","23":"tag-noticias-principais","24":"tag-noticiasprincipais","25":"tag-parentalidade","26":"tag-politica","27":"tag-portugal","28":"tag-principais-noticias","29":"tag-principaisnoticias","30":"tag-pt","31":"tag-seguranca-social","32":"tag-top-stories","33":"tag-topstories","34":"tag-trabalho","35":"tag-ultimas","36":"tag-ultimas-noticias","37":"tag-ultimasnoticias"},"share_on_mastodon":{"url":"","error":""},"_links":{"self":[{"href":"https:\/\/www.europesays.com\/pt\/wp-json\/wp\/v2\/posts\/26222","targetHints":{"allow":["GET"]}}],"collection":[{"href":"https:\/\/www.europesays.com\/pt\/wp-json\/wp\/v2\/posts"}],"about":[{"href":"https:\/\/www.europesays.com\/pt\/wp-json\/wp\/v2\/types\/post"}],"author":[{"embeddable":true,"href":"https:\/\/www.europesays.com\/pt\/wp-json\/wp\/v2\/users\/2"}],"replies":[{"embeddable":true,"href":"https:\/\/www.europesays.com\/pt\/wp-json\/wp\/v2\/comments?post=26222"}],"version-history":[{"count":0,"href":"https:\/\/www.europesays.com\/pt\/wp-json\/wp\/v2\/posts\/26222\/revisions"}],"wp:featuredmedia":[{"embeddable":true,"href":"https:\/\/www.europesays.com\/pt\/wp-json\/wp\/v2\/media\/26223"}],"wp:attachment":[{"href":"https:\/\/www.europesays.com\/pt\/wp-json\/wp\/v2\/media?parent=26222"}],"wp:term":[{"taxonomy":"category","embeddable":true,"href":"https:\/\/www.europesays.com\/pt\/wp-json\/wp\/v2\/categories?post=26222"},{"taxonomy":"post_tag","embeddable":true,"href":"https:\/\/www.europesays.com\/pt\/wp-json\/wp\/v2\/tags?post=26222"}],"curies":[{"name":"wp","href":"https:\/\/api.w.org\/{rel}","templated":true}]}}