{"id":2625,"date":"2025-07-26T15:32:11","date_gmt":"2025-07-26T15:32:11","guid":{"rendered":"https:\/\/www.europesays.com\/pt\/2625\/"},"modified":"2025-07-26T15:32:11","modified_gmt":"2025-07-26T15:32:11","slug":"mercado-um-portugues-na-extensa-lista-de-transferiveis-do-psg","status":"publish","type":"post","link":"https:\/\/www.europesays.com\/pt\/2625\/","title":{"rendered":"Mercado: um portugu\u00eas na (extensa) lista de transfer\u00edveis do PSG"},"content":{"rendered":"<p class=\"summary\">Depois de uma \u00e9poca hist\u00f3rica, com quatro t\u00edtulos conquistados, Luis Enrique quer &#8216;arrumar a casa&#8217;<\/p>\n<p>Depois de completar a melhor temporada da hist\u00f3ria, com um triplete nacional (Liga, Ta\u00e7a e Superta\u00e7a) e a t\u00e3o desejada <a target=\"_blank\" class=\"editor-link autolink-enabled\" href=\"https:\/\/www.abola.pt\/futebol\/competicao\/uefa-champions-league-27\" data-resource-id=\"27\" data-resource-type=\"competition\" data-sport=\"football\" rel=\"nofollow noopener\">UEFA Champions League<\/a> &#8211; coroada com uma vit\u00f3ria hist\u00f3rica por 5-0 sobre o <a target=\"_blank\" class=\"editor-link autolink-enabled\" href=\"https:\/\/www.abola.pt\/futebol\/inter-247\" data-resource-id=\"247\" data-resource-type=\"team\" data-sport=\"football\" rel=\"nofollow noopener\">Inter<\/a> na final -, o <a target=\"_blank\" class=\"editor-link autolink-enabled\" href=\"https:\/\/www.abola.pt\/futebol\/psg-295\" data-resource-id=\"295\" data-resource-type=\"team\" data-sport=\"football\" rel=\"nofollow noopener\">PSG<\/a> enfrenta agora um dos desafios mais delicados do ver\u00e3o: a gest\u00e3o das sa\u00eddas no plantel. <\/p>\n<p>Apesar de uma derrota (3-0, frente ao <a target=\"_blank\" class=\"editor-link autolink-enabled\" href=\"https:\/\/www.abola.pt\/futebol\/chelsea-82\" data-resource-id=\"82\" data-resource-type=\"team\" data-sport=\"football\" rel=\"nofollow noopener\">Chelsea<\/a>, na final do <a target=\"_blank\" class=\"editor-link autolink-enabled\" href=\"https:\/\/www.abola.pt\/futebol\/competicao\/mundial-de-clubes-52\" data-resource-id=\"52\" data-resource-type=\"competition\" data-sport=\"football\" rel=\"nofollow noopener\">Mundial de Clubes<\/a>) ter impedido uma \u00e9poca perfeita, os parisienses continuam em busca de al\u00edvio financeiro e espa\u00e7o no plantel para novas contrata\u00e7\u00f5es. Entre os dossi\u00eas mais sens\u00edveis da \u00abOpera\u00e7\u00e3o Sa\u00edda\u00bb liderada por Lu\u00eds Campos e Luis Enrique est\u00e1 o de <a target=\"_blank\" class=\"editor-link autolink-enabled\" href=\"https:\/\/www.abola.pt\/futebol\/jogador\/renato-sanches-4724\" data-resource-id=\"4724\" data-resource-type=\"player\" data-sport=\"football\" rel=\"nofollow noopener\">Renato<\/a> Sanches. O m\u00e9dio portugu\u00eas, que regressou recentemente ao PSG ap\u00f3s uma \u00e9poca por empr\u00e9stimo ao <a target=\"_blank\" class=\"editor-link autolink-enabled\" href=\"https:\/\/www.abola.pt\/futebol\/benfica-450\" data-resource-id=\"450\" data-resource-type=\"team\" data-sport=\"football\" rel=\"nofollow noopener\">Benfica<\/a>, integra a lista de oito jogadores que n\u00e3o entram nos planos do t\u00e9cnico espanhol para 2025\/26.<\/p>\n<p><a class=\"news-item-image\" href=\"https:\/\/www.abola.pt\/futebol\/noticias\/oficial-renato-sanches-deixa-o-benfica-2025070513073243452\" rel=\"nofollow noopener\" target=\"_blank\"><img alt=\"Oficial: Renato Sanches deixa o Benfica\" src=\"data:image\/gif;base64,R0lGODlhAQABAIAAAAAAAP\/\/\/yH5BAEAAAAALAAAAAABAAEAAAIBRAA7\" decoding=\"async\" data-nimg=\"responsive\" class=\"side-article lazy-load\" style=\"position:absolute;top:0;left:0;bottom:0;right:0;box-sizing:border-box;padding:0;border:none;margin:auto;display:block;width:0;height:0;min-width:100%;max-width:100%;min-height:100%;max-height:100%\"\/><\/a><\/p>\n<p class=\"news-item-description ellipsis-2-line\">\u00c1guias emitiram comunicado<\/p>\n<p>Segundo o jornal L\u2019\u00c9quipe, a prioridade do clube passa por encontrar novo destino para todos estes atletas, que poder\u00e3o permitir uma poupan\u00e7a conjunta de cerca de 100 milh\u00f5es de euros em sal\u00e1rios. <a target=\"_blank\" class=\"editor-link autolink-enabled\" href=\"https:\/\/www.abola.pt\/futebol\/jogador\/renato-sanches-4724\" data-resource-id=\"4724\" data-resource-type=\"player\" data-sport=\"football\" rel=\"nofollow noopener\">Renato<\/a> Sanches, agora com 27 anos, teve um percurso irregular no PSG e tamb\u00e9m n\u00e3o conseguiu convencer no regresso \u00e0 Luz, embora tenha sido utilizado com alguma regularidade. A condi\u00e7\u00e3o f\u00edsica do internacional portugu\u00eas continua a levantar d\u00favidas e o m\u00e9dio formado no Seixal procura agora relan\u00e7ar a carreira num novo projeto. <\/p>\n<p>Al\u00e9m de <a target=\"_blank\" class=\"editor-link autolink-enabled\" href=\"https:\/\/www.abola.pt\/futebol\/jogador\/renato-sanches-4724\" data-resource-id=\"4724\" data-resource-type=\"player\" data-sport=\"football\" rel=\"nofollow noopener\">Renato<\/a>, est\u00e3o tamb\u00e9m na lista de dispensas nomes sonantes como Marco <a target=\"_blank\" class=\"editor-link autolink-enabled\" href=\"https:\/\/www.abola.pt\/futebol\/jogador\/marco-asensio-3711\" data-resource-id=\"3711\" data-resource-type=\"player\" data-sport=\"football\" rel=\"nofollow noopener\">Asensio<\/a>, Randal <a target=\"_blank\" class=\"editor-link autolink-enabled\" href=\"https:\/\/www.abola.pt\/futebol\/jogador\/randal-kolo-muani-174627\" data-resource-id=\"174627\" data-resource-type=\"player\" data-sport=\"football\" rel=\"nofollow noopener\">Kolo Muani<\/a>, Carlos <a target=\"_blank\" class=\"editor-link autolink-enabled\" href=\"https:\/\/www.abola.pt\/futebol\/jogador\/carlos-soler-81999\" data-resource-id=\"81999\" data-resource-type=\"player\" data-sport=\"football\" rel=\"nofollow noopener\">Soler<\/a>, <a target=\"_blank\" class=\"editor-link autolink-enabled\" href=\"https:\/\/www.abola.pt\/futebol\/jogador\/milan-skriniar-5404\" data-resource-id=\"5404\" data-resource-type=\"player\" data-sport=\"football\" rel=\"nofollow noopener\">Milan Skriniar<\/a>, Nordi <a target=\"_blank\" class=\"editor-link autolink-enabled\" href=\"https:\/\/www.abola.pt\/futebol\/jogador\/nordi-mukiele-18138\" data-resource-id=\"18138\" data-resource-type=\"player\" data-sport=\"football\" rel=\"nofollow noopener\">Mukiele<\/a>, <a target=\"_blank\" class=\"editor-link autolink-enabled\" href=\"https:\/\/www.abola.pt\/futebol\/jogador\/ilyes-housni-265493\" data-resource-id=\"265493\" data-resource-type=\"player\" data-sport=\"football\" rel=\"nofollow noopener\">Ilyes Housni<\/a> e Lucas Lavall\u00e9e. Seis destes jogadores (<a target=\"_blank\" class=\"editor-link autolink-enabled\" href=\"https:\/\/www.abola.pt\/futebol\/jogador\/marco-asensio-3711\" data-resource-id=\"3711\" data-resource-type=\"player\" data-sport=\"football\" rel=\"nofollow noopener\">Asensio<\/a>, Soler, Skriniar, Mukiele, Housni e Lavall\u00e9e) j\u00e1 se apresentaram no centro de treinos Camp des Loges, onde realizaram testes m\u00e9dicos e iniciaram os trabalhos de pr\u00e9-\u00e9poca&#8230; mas integrados na equipa B do PSG, numa clara indica\u00e7\u00e3o de que n\u00e3o fazem parte dos planos principais. <\/p>\n<p><a class=\"news-item-image\" href=\"https:\/\/www.abola.pt\/futebol\/noticias\/psg-joga-supertaca-europeia-com-uma-semana-de-treinos-2025071409265556062\" rel=\"nofollow noopener\" target=\"_blank\"><img alt=\"PSG joga Superta\u00e7a Europeia com uma semana de treinos\" src=\"data:image\/gif;base64,R0lGODlhAQABAIAAAAAAAP\/\/\/yH5BAEAAAAALAAAAAABAAEAAAIBRAA7\" decoding=\"async\" data-nimg=\"responsive\" class=\"side-article lazy-load\" style=\"position:absolute;top:0;left:0;bottom:0;right:0;box-sizing:border-box;padding:0;border:none;margin:auto;display:block;width:0;height:0;min-width:100%;max-width:100%;min-height:100%;max-height:100%\"\/><\/a><\/p>\n<p class=\"news-item-description ellipsis-2-line\">Regresso ao trabalho a 5 de agosto, primeiro jogo logo a 13, com o Tottenham<\/p>\n<p>Kolo Muani e <a target=\"_blank\" class=\"editor-link autolink-enabled\" href=\"https:\/\/www.abola.pt\/futebol\/jogador\/renato-sanches-4724\" data-resource-id=\"4724\" data-resource-type=\"player\" data-sport=\"football\" rel=\"nofollow noopener\">Renato<\/a> Sanches, que participaram no Mundial de Clubes ao servi\u00e7o de <a target=\"_blank\" class=\"editor-link autolink-enabled\" href=\"https:\/\/www.abola.pt\/futebol\/juventus-255\" data-resource-id=\"255\" data-resource-type=\"team\" data-sport=\"football\" rel=\"nofollow noopener\">Juventus<\/a> e <a target=\"_blank\" class=\"editor-link autolink-enabled\" href=\"https:\/\/www.abola.pt\/futebol\/benfica-450\" data-resource-id=\"450\" data-resource-type=\"team\" data-sport=\"football\" rel=\"nofollow noopener\">Benfica<\/a>, respetivamente, regressaram mais tarde, no dia 23 de julho. A pr\u00e9-\u00e9poca do n\u00facleo principal do PSG &#8211; que conta com os portugueses <a target=\"_blank\" class=\"editor-link autolink-enabled\" href=\"https:\/\/www.abola.pt\/futebol\/jogador\/nuno-mendes-222184\" data-resource-id=\"222184\" data-resource-type=\"player\" data-sport=\"football\" rel=\"nofollow noopener\">Nuno Mendes<\/a>, <a target=\"_blank\" class=\"editor-link autolink-enabled\" href=\"https:\/\/www.abola.pt\/futebol\/jogador\/joao-neves-254241\" data-resource-id=\"254241\" data-resource-type=\"player\" data-sport=\"football\" rel=\"nofollow noopener\">Jo\u00e3o Neves<\/a>, <a target=\"_blank\" class=\"editor-link autolink-enabled\" href=\"https:\/\/www.abola.pt\/futebol\/jogador\/vitinha-210023\" data-resource-id=\"210023\" data-resource-type=\"player\" data-sport=\"football\" rel=\"nofollow noopener\">Vitinha<\/a> e <a target=\"_blank\" class=\"editor-link autolink-enabled\" href=\"https:\/\/www.abola.pt\/futebol\/jogador\/goncalo-ramos-194315\" data-resource-id=\"194315\" data-resource-type=\"player\" data-sport=\"football\" rel=\"nofollow noopener\">Gon\u00e7alo Ramos<\/a> -, com Luis Enrique ao leme, s\u00f3 arranca oficialmente a 4 de agosto, mas tudo indica que este grupo de jogadores continuar\u00e1 a treinar \u00e0 parte, at\u00e9 que se concretizem as sa\u00eddas.<\/p>\n<p>Sugest\u00e3o de v\u00eddeo<\/p>\n","protected":false},"excerpt":{"rendered":"Depois de uma \u00e9poca hist\u00f3rica, com quatro t\u00edtulos conquistados, Luis Enrique quer &#8216;arrumar a casa&#8217; Depois de completar&hellip;\n","protected":false},"author":2,"featured_media":2626,"comment_status":"","ping_status":"","sticky":false,"template":"","format":"standard","meta":{"footnotes":""},"categories":[87],"tags":[135,32,1758,33,134],"class_list":{"0":"post-2625","1":"post","2":"type-post","3":"status-publish","4":"format-standard","5":"has-post-thumbnail","7":"category-desporto","8":"tag-desporto","9":"tag-portugal","10":"tag-psg","11":"tag-pt","12":"tag-sports"},"share_on_mastodon":{"url":"","error":""},"_links":{"self":[{"href":"https:\/\/www.europesays.com\/pt\/wp-json\/wp\/v2\/posts\/2625","targetHints":{"allow":["GET"]}}],"collection":[{"href":"https:\/\/www.europesays.com\/pt\/wp-json\/wp\/v2\/posts"}],"about":[{"href":"https:\/\/www.europesays.com\/pt\/wp-json\/wp\/v2\/types\/post"}],"author":[{"embeddable":true,"href":"https:\/\/www.europesays.com\/pt\/wp-json\/wp\/v2\/users\/2"}],"replies":[{"embeddable":true,"href":"https:\/\/www.europesays.com\/pt\/wp-json\/wp\/v2\/comments?post=2625"}],"version-history":[{"count":0,"href":"https:\/\/www.europesays.com\/pt\/wp-json\/wp\/v2\/posts\/2625\/revisions"}],"wp:featuredmedia":[{"embeddable":true,"href":"https:\/\/www.europesays.com\/pt\/wp-json\/wp\/v2\/media\/2626"}],"wp:attachment":[{"href":"https:\/\/www.europesays.com\/pt\/wp-json\/wp\/v2\/media?parent=2625"}],"wp:term":[{"taxonomy":"category","embeddable":true,"href":"https:\/\/www.europesays.com\/pt\/wp-json\/wp\/v2\/categories?post=2625"},{"taxonomy":"post_tag","embeddable":true,"href":"https:\/\/www.europesays.com\/pt\/wp-json\/wp\/v2\/tags?post=2625"}],"curies":[{"name":"wp","href":"https:\/\/api.w.org\/{rel}","templated":true}]}}