{"id":262567,"date":"2026-02-09T02:29:09","date_gmt":"2026-02-09T02:29:09","guid":{"rendered":"https:\/\/www.europesays.com\/pt\/262567\/"},"modified":"2026-02-09T02:29:09","modified_gmt":"2026-02-09T02:29:09","slug":"o-que-acontece-se-bruce-dickinson-nao-curtir-musica-de-steve-harris-no-iron-maiden","status":"publish","type":"post","link":"https:\/\/www.europesays.com\/pt\/262567\/","title":{"rendered":"O que acontece se Bruce Dickinson n\u00e3o curtir m\u00fasica de Steve Harris no Iron Maiden"},"content":{"rendered":"\n<p>N\u00e3o \u00e9 segredo para ningu\u00e9m que <strong>Steve Harris<\/strong> \u00e9 o l\u00edder do <strong>Iron Maiden<\/strong>. O baixista e membro fundador se estabeleceu como respons\u00e1vel por guiar a banda em termos criativos. Firmou-se, inclusive, como o principal compositor.<\/p>\n<p>E o que acontece quando ele apresenta alguma can\u00e7\u00e3o in\u00e9dita que n\u00e3o agrada a outros integrantes \u2014 como ao vocalista <strong>Bruce Dickinson<\/strong>?<\/p>\n<p>&#8211; Advertisement &#8211;<\/p>\n<p>Em entrevista \u00e0 Classic Rock na \u00e9poca do lan\u00e7amento do \u00e1lbum <strong>\u201cSenjutsu\u201d<\/strong> (2021), o cantor revelou alguns detalhes sobre o processo de composi\u00e7\u00e3o do Maiden com o baixista no comando. Em meio a isso, destacou o que acontece caso n\u00e3o curta alguma m\u00fasica feita pelo chefe: nada, pois a can\u00e7\u00e3o ser\u00e1 lan\u00e7ada mesmo assim.<\/p>\n<p>\u201cEsta \u00e9 a banda de Steve, definitivamente. \u00c9 a vis\u00e3o dele desde o primeiro dia. Voc\u00ea j\u00e1 conheceu Steve Harris? Se Steve quer uma m\u00fasica em um \u00e1lbum, a m\u00fasica estar\u00e1 no \u00e1lbum. Acredite em mim.\u201d<\/p>\n<p>Foi a resposta de Bruce, aos risos, ao ser perguntado se h\u00e1 algum tipo de \u201cvota\u00e7\u00e3o democr\u00e1tica\u201d no Iron Maiden para decidir quais ideias entram em um \u00e1lbum.<\/p>\n<p>Ainda durante o bate-papo, Dickinson comentou que compor com Harris \u00e9 um exerc\u00edcio de \u201cprecis\u00e3o\u201d. O baixista costuma criar suas m\u00fasicas com ideias muito definidas de arranjos, inclusive vocais. Portanto, at\u00e9 mesmo as letras precisam se encaixar perfeitamente naquela melodia criada pelo l\u00edder da banda.<\/p>\n<p>\u201cQuando Steve e eu sentamos para trabalhar nos vocais e linhas da melodia, ele tem os arranjos definidos com muita precis\u00e3o e, muitas vezes, ele tem em sua mente um lugar muito espec\u00edfico para cada s\u00edlaba da letra.\u201d<\/p>\n<p>De acordo com Bruce, o trabalho enquanto vocalista do Iron Maiden consiste em \u201cencontrar espa\u00e7os onde \u00e9 poss\u00edvel colocar a performance\u201d. <\/p>\n<p>\u201cSe o m\u00e9todo de composi\u00e7\u00e3o de Steve for visto como o horizonte de uma cidade, com blocos de arranha-c\u00e9us, eu saio rolando e mergulhando, ondulando em torno disso, encontrando meu pr\u00f3prio caminho.\u201d<\/p>\n<p> Exig\u00eancia compreendida por Bruce Dickinson <\/p>\n<p>Steve Harris \u00e9, de fato, um sujeito muito exigente, segundo Bruce Dickinson. Por\u00e9m, o vocalista revelou compreender esse tra\u00e7o da personalidade do baixista.<\/p>\n<p>\u201cA essa altura de nossa carreira, sabemos como trabalhar juntos e ler um ao outro. Steve \u00e9 muito exigente, mas eu entendo seu jeito. E com o passar dos anos, minha voz ficou mais gorda e s\u00f3lida nos registros mais graves, pois adquiri novas tonalidades conforme envelheci. Isso abriu muitos novos caminhos de express\u00e3o. \u00c9 empolgante, tanto para Steve quanto para mim, eu acho.\u201d<\/p>\n<p><strong>Clique<\/strong> para seguir IgorMiranda.com.br no: <a href=\"https:\/\/instagram.com\/igormirandasite\" target=\"_blank\" rel=\"noreferrer noopener nofollow\">Instagram<\/a> | <a href=\"https:\/\/twitter.com\/igormirandasite\" target=\"_blank\" rel=\"noreferrer noopener nofollow\">Twitter<\/a> | <a href=\"https:\/\/www.threads.net\/@igormirandasite\" target=\"_blank\" rel=\"noreferrer noopener nofollow\">Threads<\/a> | <a href=\"https:\/\/facebook.com\/igormirandasite\" target=\"_blank\" rel=\"noreferrer noopener nofollow\">Facebook<\/a> | <a href=\"https:\/\/www.youtube.com\/igormirandasite\" target=\"_blank\" rel=\"noreferrer noopener nofollow\">YouTube<\/a>.<\/p>\n<p> <script async src=\"https:\/\/platform.twitter.com\/widgets.js\" charset=\"utf-8\"><\/script><script async src=\"\/\/www.instagram.com\/embed.js\"><\/script><\/p>\n","protected":false},"excerpt":{"rendered":"N\u00e3o \u00e9 segredo para ningu\u00e9m que Steve Harris \u00e9 o l\u00edder do Iron Maiden. O baixista e membro&hellip;\n","protected":false},"author":2,"featured_media":262568,"comment_status":"","ping_status":"","sticky":false,"template":"","format":"standard","meta":{"footnotes":"","_share_on_mastodon":"0"},"categories":[141],"tags":[4724,114,115,3543,149,150,32,33,9876],"class_list":["post-262567","post","type-post","status-publish","format-standard","has-post-thumbnail","category-musica","tag-bruce-dickinson","tag-entertainment","tag-entretenimento","tag-iron-maiden","tag-music","tag-musica","tag-portugal","tag-pt","tag-steve-harris"],"share_on_mastodon":{"url":"https:\/\/pubeurope.com\/@pt\/116038321019918499","error":""},"_links":{"self":[{"href":"https:\/\/www.europesays.com\/pt\/wp-json\/wp\/v2\/posts\/262567","targetHints":{"allow":["GET"]}}],"collection":[{"href":"https:\/\/www.europesays.com\/pt\/wp-json\/wp\/v2\/posts"}],"about":[{"href":"https:\/\/www.europesays.com\/pt\/wp-json\/wp\/v2\/types\/post"}],"author":[{"embeddable":true,"href":"https:\/\/www.europesays.com\/pt\/wp-json\/wp\/v2\/users\/2"}],"replies":[{"embeddable":true,"href":"https:\/\/www.europesays.com\/pt\/wp-json\/wp\/v2\/comments?post=262567"}],"version-history":[{"count":0,"href":"https:\/\/www.europesays.com\/pt\/wp-json\/wp\/v2\/posts\/262567\/revisions"}],"wp:featuredmedia":[{"embeddable":true,"href":"https:\/\/www.europesays.com\/pt\/wp-json\/wp\/v2\/media\/262568"}],"wp:attachment":[{"href":"https:\/\/www.europesays.com\/pt\/wp-json\/wp\/v2\/media?parent=262567"}],"wp:term":[{"taxonomy":"category","embeddable":true,"href":"https:\/\/www.europesays.com\/pt\/wp-json\/wp\/v2\/categories?post=262567"},{"taxonomy":"post_tag","embeddable":true,"href":"https:\/\/www.europesays.com\/pt\/wp-json\/wp\/v2\/tags?post=262567"}],"curies":[{"name":"wp","href":"https:\/\/api.w.org\/{rel}","templated":true}]}}