{"id":26266,"date":"2025-08-12T13:24:13","date_gmt":"2025-08-12T13:24:13","guid":{"rendered":"https:\/\/www.europesays.com\/pt\/26266\/"},"modified":"2025-08-12T13:24:13","modified_gmt":"2025-08-12T13:24:13","slug":"novo-capitulo-filho-de-faustao-posta-fotos-e-faz-homenagem-ao-pai-em-meio-a-internacao","status":"publish","type":"post","link":"https:\/\/www.europesays.com\/pt\/26266\/","title":{"rendered":"&#8220;Novo cap\u00edtulo&#8221;: Filho de Faust\u00e3o posta fotos e faz homenagem ao pai em meio a interna\u00e7\u00e3o"},"content":{"rendered":"<p>                            <a href=\"https:\/\/www.europesays.com\/pt\/wp-content\/uploads\/2025\/08\/Novo-capitulo-Joao-Silva-homenageia-Faustao-e-publica-fotos-em-meio-a-internacao-4.jpg\" data-caption=\"(Foto: Redes sociais, Reprodu\u00e7\u00e3o)\" aria-label=\"(Foto: Redes sociais, Reprodu\u00e7\u00e3o)\"><img width=\"944\" height=\"531\" src=\"https:\/\/www.europesays.com\/pt\/wp-content\/uploads\/2025\/08\/Novo-capitulo-Joao-Silva-homenageia-Faustao-e-publica-fotos-em-meio-a-internacao-4-944x531.jpg\" class=\"attachment-custom-large size-custom-large article-featured-image\" alt=\"\" fetchpriority=\"high\" decoding=\"async\"  \/><\/a><\/p>\n<p>Faust\u00e3o, de 75 anos, \u00e9 pai de Jo\u00e3o Silva, de 21 anos (Foto: Redes sociais, Reprodu\u00e7\u00e3o)<\/p>\n<p>Jo\u00e3o Silva homenageou o pai, Faust\u00e3o, em uma postagem nas redes sociais, na segunda-feira (11), para  celebrar o Dia da Televis\u00e3o. O apresentador de 21 anos compartilhou imagens de sua trajet\u00f3ria, incluindo registros ao lado do pai, que segue <strong><a href=\"https:\/\/www.nsctotal.com.br\/noticias\/internado-com-infeccao-faustao-passa-por-transplante-de-figado-e-retransplante-renal\" target=\"_blank\" rel=\"noreferrer noopener nofollow\">internado<\/a> <\/strong>no Hospital Albert Einstein, em S\u00e3o Paulo, ap\u00f3s passar pelo quarto transplante.<\/p>\n<p>Continua depois da publicidade<\/p>\n<p>\u201cHoje, no Dia da Televis\u00e3o, celebro n\u00e3o s\u00f3 essa paix\u00e3o que me trouxe at\u00e9 aqui, mas tamb\u00e9m um novo cap\u00edtulo da minha hist\u00f3ria. Sou extremamente grato por cada passo dessa jornada que est\u00e1 s\u00f3 come\u00e7ando!\u201d, escreveu Jo\u00e3o Silva.<\/p>\n<p>Veja fotos de Jo\u00e3o Silva e de Faust\u00e3o<a href=\"https:\/\/www.europesays.com\/pt\/wp-content\/uploads\/2025\/08\/Novo-capitulo-Joao-Silva-homenageia-Faustao-e-publica-fotos-em-meio-a-internacao-3.jpg\"><a href=\"https:\/\/www.europesays.com\/pt\/wp-content\/uploads\/2025\/08\/Novo-capitulo-Joao-Silva-homenageia-Faustao-e-publica-fotos-em-meio-a-internacao-3.jpg\" aria-label=\"Imagem da Galeria\"><img loading=\"lazy\" decoding=\"async\" width=\"1200\" height=\"675\" data-id=\"7608514\" src=\"https:\/\/www.europesays.com\/pt\/wp-content\/uploads\/2025\/08\/Novo-capitulo-Joao-Silva-homenageia-Faustao-e-publica-fotos-em-meio-a-internacao-3.jpg\" alt=\"\" class=\"wp-image-7608514\"  \/><\/a><\/p>\n<p>Faust\u00e3o \u00e9 pai de Jo\u00e3o Silva (Foto: Redes sociais, Reprodu\u00e7\u00e3o)<\/p>\n<p><a href=\"https:\/\/www.europesays.com\/pt\/wp-content\/uploads\/2025\/08\/Novo-capitulo-Joao-Silva-homenageia-Faustao-e-publica-fotos-em-meio-a-internacao-5.jpg\"><a href=\"https:\/\/www.europesays.com\/pt\/wp-content\/uploads\/2025\/08\/Novo-capitulo-Joao-Silva-homenageia-Faustao-e-publica-fotos-em-meio-a-internacao-5.jpg\" aria-label=\"Imagem da Galeria\"><img loading=\"lazy\" decoding=\"async\" width=\"1200\" height=\"675\" data-id=\"7608518\" src=\"https:\/\/www.europesays.com\/pt\/wp-content\/uploads\/2025\/08\/Novo-capitulo-Joao-Silva-homenageia-Faustao-e-publica-fotos-em-meio-a-internacao-5.jpg\" alt=\"\" class=\"wp-image-7608518\"  \/><\/a><\/p>\n<p>Jo\u00e3o seguiu os passos do paie  virou apresentador de TV (Foto: Redes sociais, Reprodu\u00e7\u00e3o)<\/p>\n<p><a href=\"https:\/\/www.europesays.com\/pt\/wp-content\/uploads\/2025\/08\/Novo-capitulo-Joao-Silva-homenageia-Faustao-e-publica-fotos-em-meio-a-internacao-4.jpg\"><a href=\"https:\/\/www.europesays.com\/pt\/wp-content\/uploads\/2025\/08\/Novo-capitulo-Joao-Silva-homenageia-Faustao-e-publica-fotos-em-meio-a-internacao-4.jpg\" aria-label=\"Imagem da Galeria\"><img loading=\"lazy\" decoding=\"async\" width=\"1200\" height=\"675\" data-id=\"7608517\" src=\"https:\/\/www.europesays.com\/pt\/wp-content\/uploads\/2025\/08\/Novo-capitulo-Joao-Silva-homenageia-Faustao-e-publica-fotos-em-meio-a-internacao-4.jpg\" alt=\"\" class=\"wp-image-7608517\"  \/><\/a><\/p>\n<p>Jo\u00e3o faz homenagem ao pai em meio a interna\u00e7\u00e3o pelo quarto transplante (Foto: Redes sociais, Reprodu\u00e7\u00e3o)<\/p>\n<p><a href=\"https:\/\/www.europesays.com\/pt\/wp-content\/uploads\/2025\/08\/Novo-capitulo-Joao-Silva-homenageia-Faustao-e-publica-fotos-em-meio-a-internacao-1.jpg\"><a href=\"https:\/\/www.europesays.com\/pt\/wp-content\/uploads\/2025\/08\/Novo-capitulo-Joao-Silva-homenageia-Faustao-e-publica-fotos-em-meio-a-internacao-1.jpg\" aria-label=\"Imagem da Galeria\"><img loading=\"lazy\" decoding=\"async\" width=\"1200\" height=\"675\" data-id=\"7608519\" src=\"https:\/\/www.europesays.com\/pt\/wp-content\/uploads\/2025\/08\/Novo-capitulo-Joao-Silva-homenageia-Faustao-e-publica-fotos-em-meio-a-internacao-1.jpg\" alt=\"\" class=\"wp-image-7608519\"  \/><\/a><\/p>\n<p>Jo\u00e3o Silva homenageou o pai em participa\u00e7\u00e3o no Doming\u00e3o com Huck (Foto: Redes sociais, Reprodu\u00e7\u00e3o)<\/p>\n<p><a href=\"https:\/\/www.europesays.com\/pt\/wp-content\/uploads\/2025\/08\/Novo-capitulo-Joao-Silva-homenageia-Faustao-e-publica-fotos-em-meio-a-internacao-2.jpg\"><a href=\"https:\/\/www.europesays.com\/pt\/wp-content\/uploads\/2025\/08\/Novo-capitulo-Joao-Silva-homenageia-Faustao-e-publica-fotos-em-meio-a-internacao-2.jpg\" aria-label=\"Imagem da Galeria\"><img loading=\"lazy\" decoding=\"async\" width=\"1200\" height=\"675\" data-id=\"7608520\" src=\"https:\/\/www.europesays.com\/pt\/wp-content\/uploads\/2025\/08\/Novo-capitulo-Joao-Silva-homenageia-Faustao-e-publica-fotos-em-meio-a-internacao-2.jpg\" alt=\"\" class=\"wp-image-7608520\"  \/><\/a><\/p>\n<p>Jo\u00e3o Silva relembrou fotos antigas com Faust\u00e3o (Foto: Redes sociais, Reprodu\u00e7\u00e3o)<\/p>\n<p>VoltarAvan\u00e7ar<\/p>\n<p>Faust\u00e3o est\u00e1 internado desde 21 de maio<\/p>\n<p>Faust\u00e3o passou por um transplante de f\u00edgado na \u00faltima quarta-feira (6) combinado a um retransplante renal. Ele est\u00e1\u00a0<a href=\"https:\/\/www.nsctotal.com.br\/noticias\/faustao-e-internado-em-hospital-de-sao-paulo\" target=\"_blank\" rel=\"noreferrer noopener nofollow\"><strong>internado\u00a0desde o dia 21 de maio<\/strong><\/a>\u00a0no Hospital Albert Einstein, em S\u00e3o Paulo, devido a uma infec\u00e7\u00e3o bacteriana aguda com sepse.<\/p>\n<p>Continua depois da publicidade<\/p>\n<p>Segundo m\u00e9dicos, o procedimento de retransplante renal era aguardado h\u00e1 um ano, e foi realizado na quinta-feira (7) . O apresentador agora passa por um controle infeccioso e est\u00e1 em reabilita\u00e7\u00e3o cl\u00ednica e nutricional para que o quadro de sa\u00fade se estabilize.<\/p>\n<p>Em janeiro,\u00a0Faust\u00e3o\u00a0<a href=\"https:\/\/www.nsctotal.com.br\/noticias\/faustao-volta-a-ser-internado-em-hospital-de-sao-paulo-veja-estado-de-saude\" target=\"_blank\" rel=\"noreferrer noopener nofollow\"><strong>precisou ser internado no Hospital Albert Einstein<\/strong><\/a>, em S\u00e3o Paulo, tamb\u00e9m para tratar uma infec\u00e7\u00e3o. O apresentador j\u00e1 foi submetido a um transplante de cora\u00e7\u00e3o, em agosto de 2023, e a outro de rim, em fevereiro de 2024.<\/p>\n<p>No caso de Faust\u00e3o, os \u00f3rg\u00e3os transplantados (f\u00edgado e rim) vieram de um\u00a0mesmo doador, o que pode aumentar as chances de compatibilidade. A Central de Transplantes de S\u00e3o Paulo acionou o hospital ap\u00f3s a identifica\u00e7\u00e3o de um doador compat\u00edvel e a confirma\u00e7\u00e3o da viabilidade dos \u00f3rg\u00e3os para o apresentador. Mais detalhes sobre o processo de transplante de Faust\u00e3o n\u00e3o foram divulgados.<\/p>\n<p>Saiba mais sobre o caso de Faust\u00e3o<a href=\"https:\/\/www.europesays.com\/pt\/wp-content\/uploads\/2025\/08\/1754904911_457_faustao-4.jpg\"><a href=\"https:\/\/www.europesays.com\/pt\/wp-content\/uploads\/2025\/08\/1754904911_457_faustao-4.jpg\" aria-label=\"Imagem da Galeria\"><img loading=\"lazy\" decoding=\"async\" width=\"1200\" height=\"675\" data-id=\"7604181\" src=\"https:\/\/www.europesays.com\/pt\/wp-content\/uploads\/2025\/08\/1754904911_457_faustao-4.jpg\" alt=\"\" class=\"wp-image-7604181\"  \/><\/a><\/p>\n<p>Aos 75 anos, Faust\u00e3o precisou passar por transplante de f\u00edgado combinado a um retransplante renal (Foto: Redes sociais, Reprodu\u00e7\u00e3o)<\/p>\n<p><a href=\"https:\/\/www.europesays.com\/pt\/wp-content\/uploads\/2025\/08\/1754930412_470_faustao-3.jpg\"><a href=\"https:\/\/www.europesays.com\/pt\/wp-content\/uploads\/2025\/08\/1754930412_470_faustao-3.jpg\" aria-label=\"Imagem da Galeria\"><img loading=\"lazy\" decoding=\"async\" width=\"1200\" height=\"675\" data-id=\"7604180\" src=\"https:\/\/www.europesays.com\/pt\/wp-content\/uploads\/2025\/08\/1754930412_470_faustao-3.jpg\" alt=\"\" class=\"wp-image-7604180\"  \/><\/a><\/p>\n<p>Apresentador j\u00e1 havia sido submetido a um transplante de cora\u00e7\u00e3o, em agosto de 2023, e a outro de rim, em fevereiro de 2024 (Foto: Redes sociais, Reprodu\u00e7\u00e3o)<\/p>\n<p><a href=\"https:\/\/www.europesays.com\/pt\/wp-content\/uploads\/2025\/08\/1754994728_501_faustao-2-1.jpg\"><a href=\"https:\/\/www.europesays.com\/pt\/wp-content\/uploads\/2025\/08\/1754994728_501_faustao-2-1.jpg\" aria-label=\"Imagem da Galeria\"><img loading=\"lazy\" decoding=\"async\" width=\"1200\" height=\"675\" data-id=\"7604182\" src=\"https:\/\/www.europesays.com\/pt\/wp-content\/uploads\/2025\/08\/1754994728_501_faustao-2-1.jpg\" alt=\"\" class=\"wp-image-7604182\"  \/><\/a><\/p>\n<p>Faust\u00e3o foi internado em maio de 2025 por conta de um quadro infeccioso (Foto: Globo, Divulga\u00e7\u00e3o)<\/p>\n<p><a href=\"https:\/\/www.europesays.com\/pt\/wp-content\/uploads\/2025\/08\/1754904911_418_faustao-1.jpg\"><a href=\"https:\/\/www.europesays.com\/pt\/wp-content\/uploads\/2025\/08\/1754904911_418_faustao-1.jpg\" aria-label=\"Imagem da Galeria\"><img loading=\"lazy\" decoding=\"async\" width=\"1200\" height=\"675\" data-id=\"7604178\" src=\"https:\/\/www.europesays.com\/pt\/wp-content\/uploads\/2025\/08\/1754904911_418_faustao-1.jpg\" alt=\"\" class=\"wp-image-7604178\"  \/><\/a><\/p>\n<p>O quadro de sepse, problema que atingiu Faust\u00e3o, \u00e9 normalmente conhecido como \u201cinfec\u00e7\u00e3o generalizada\u201d (Foto: Redes sociais, Reprodu\u00e7\u00e3o)<\/p>\n<p><a href=\"https:\/\/www.europesays.com\/pt\/wp-content\/uploads\/2025\/08\/1755005053_341_faustao-2.jpg\"><a href=\"https:\/\/www.europesays.com\/pt\/wp-content\/uploads\/2025\/08\/1755005053_341_faustao-2.jpg\" aria-label=\"Imagem da Galeria\"><img loading=\"lazy\" decoding=\"async\" width=\"1200\" height=\"675\" data-id=\"7604179\" src=\"https:\/\/www.europesays.com\/pt\/wp-content\/uploads\/2025\/08\/1755005053_341_faustao-2.jpg\" alt=\"\" class=\"wp-image-7604179\"  \/><\/a><\/p>\n<p>A sepse<strong>\u00a0<\/strong>\u00e9 uma condi\u00e7\u00e3o s\u00e9ria que acontece quando o corpo reage de forma exagerada a uma infec\u00e7\u00e3o, podendo levar \u00e0 fal\u00eancia de \u00f3rg\u00e3os (Foto: TV Globo, Divulga\u00e7\u00e3o)<\/p>\n<p>VoltarAvan\u00e7ar<\/p>\n<p>Continua depois da publicidade<\/p>\n<p>Leia tamb\u00e9m<\/p>\n<p><a href=\"https:\/\/www.nsctotal.com.br\/noticias\/hytalo-santos-dava-iphone-e-oferecia-beneficios-a-familias-de-menores-diz-mp\" target=\"_blank\" rel=\"noreferrer noopener nofollow\"><strong>Hytalo Santos dava iPhone e oferecia \u201cbenef\u00edcios\u201d a fam\u00edlias de menores, diz MP<\/strong><\/a><\/p>\n","protected":false},"excerpt":{"rendered":"Faust\u00e3o, de 75 anos, \u00e9 pai de Jo\u00e3o Silva, de 21 anos (Foto: Redes sociais, Reprodu\u00e7\u00e3o) Jo\u00e3o Silva&hellip;\n","protected":false},"author":2,"featured_media":26267,"comment_status":"","ping_status":"","sticky":false,"template":"","format":"standard","meta":{"footnotes":""},"categories":[142],"tags":[829,114,115,32,33,151],"class_list":{"0":"post-26266","1":"post","2":"type-post","3":"status-publish","4":"format-standard","5":"has-post-thumbnail","7":"category-tv","8":"tag-conteudo-liberado","9":"tag-entertainment","10":"tag-entretenimento","11":"tag-portugal","12":"tag-pt","13":"tag-tv"},"share_on_mastodon":{"url":"","error":""},"_links":{"self":[{"href":"https:\/\/www.europesays.com\/pt\/wp-json\/wp\/v2\/posts\/26266","targetHints":{"allow":["GET"]}}],"collection":[{"href":"https:\/\/www.europesays.com\/pt\/wp-json\/wp\/v2\/posts"}],"about":[{"href":"https:\/\/www.europesays.com\/pt\/wp-json\/wp\/v2\/types\/post"}],"author":[{"embeddable":true,"href":"https:\/\/www.europesays.com\/pt\/wp-json\/wp\/v2\/users\/2"}],"replies":[{"embeddable":true,"href":"https:\/\/www.europesays.com\/pt\/wp-json\/wp\/v2\/comments?post=26266"}],"version-history":[{"count":0,"href":"https:\/\/www.europesays.com\/pt\/wp-json\/wp\/v2\/posts\/26266\/revisions"}],"wp:featuredmedia":[{"embeddable":true,"href":"https:\/\/www.europesays.com\/pt\/wp-json\/wp\/v2\/media\/26267"}],"wp:attachment":[{"href":"https:\/\/www.europesays.com\/pt\/wp-json\/wp\/v2\/media?parent=26266"}],"wp:term":[{"taxonomy":"category","embeddable":true,"href":"https:\/\/www.europesays.com\/pt\/wp-json\/wp\/v2\/categories?post=26266"},{"taxonomy":"post_tag","embeddable":true,"href":"https:\/\/www.europesays.com\/pt\/wp-json\/wp\/v2\/tags?post=26266"}],"curies":[{"name":"wp","href":"https:\/\/api.w.org\/{rel}","templated":true}]}}