{"id":26274,"date":"2025-08-12T13:30:08","date_gmt":"2025-08-12T13:30:08","guid":{"rendered":"https:\/\/www.europesays.com\/pt\/26274\/"},"modified":"2025-08-12T13:30:08","modified_gmt":"2025-08-12T13:30:08","slug":"ios-26-pode-levar-nova-funcao-do-apple-intelligence-para-os-airpods-tudocelular-com","status":"publish","type":"post","link":"https:\/\/www.europesays.com\/pt\/26274\/","title":{"rendered":"iOS 26 pode levar nova fun\u00e7\u00e3o do Apple Intelligence para os AirPods &#8211; TudoCelular.com"},"content":{"rendered":"<ol>\n<li><a href=\"https:\/\/news.google.com\/rss\/articles\/CBMixwFBVV95cUxNZXMwMUhjMUs2Ymw4XzBTdW5MV2xBR0lXcG10c3NmQm9qVG9ZYXRLT3p2OW1jOE84bjBuOTJHQUZUaV9kTmYzdU9ENXl2VS04cWpfOWQtQVBIVVViZWZfcXRpdTNrSVdlLWlURjU5bWZkUXlDS1lOVEdtOVRyU25kdjNYZ3dDOW5VNnNiXzh2Wk9SMzY5UjUzcVJ6N3NXZnZ4TUo5T25wZFNiSHhudVcwc1RuaWJuLUhUOGtxS281YUVDQkxOOUlz?oc=5\" target=\"_blank\" rel=\"nofollow noopener\">iOS 26 pode levar nova fun\u00e7\u00e3o do Apple Intelligence para os AirPods<\/a>&nbsp;&nbsp;TudoCelular.com<\/li>\n<li><a href=\"https:\/\/news.google.com\/rss\/articles\/CBMirwFBVV95cUxNcVRPWEYzRVhmQ2tqWmFmZlNnR0FtRjF5VmtSRDVobkwzeEhiZGw2MzV4ZFlITGFJblAyeHBWRWlKTXY5dnVRYXNJZjlyMWxlaXlLd25zOFVXd0JYaFNqMHBaZlg5TUE5NzFPNTVvbFk1eHU3dEhSQ1BEekNCb1lZT0E3eDdSNmVWY0o4SU54V0FXUTMyVzZPbm5LZkFMZ2dZcVl3YWlrVEE2RnFmcEsw?oc=5\" target=\"_blank\" rel=\"nofollow noopener\">iOS 26 &#8220;dedura&#8221; suposto novo recurso de tradu\u00e7\u00e3o ao vivo dos AirPods<\/a>&nbsp;&nbsp;MacMagazine<\/li>\n<li><a href=\"https:\/\/news.google.com\/rss\/articles\/CBMi2gFBVV95cUxPR3d4YXFGUTZUVFJ2eFB2VHIxVC1RMHRZUFNsMjdBWVotZmZaTm5YV1Z4b3RucHdzWm5BOERmV0dxVDNKbXBXOEp0empsckg0S0xYaE5jbXY4NlhyVlZYQXl3dVhtOURuMEVaVlU5ZHE5eXhYUWtZX2NYdVRWUmtXZjFhNFhDQjR5UGtFbnh6MllrZjJwcnVqXzlIR3doWDNqZVFVMlJfckY5RExacTAtdmxZU0M5TWdQaDJ0Ukp0NV95UVFGbWZyZ1UwUVVKVWNDcXB3b3RGRXFpQQ?oc=5\" target=\"_blank\" rel=\"nofollow noopener\">AirPods Pro 3: Fones da Apple podem ser lan\u00e7ados em breve; veja o que sabemos sobre aparelho<\/a>&nbsp;&nbsp;Estad\u00e3o<\/li>\n<li><a href=\"https:\/\/news.google.com\/rss\/articles\/CBMimwFBVV95cUxNb185ejIxMU5NbHAyWU9oSERzTDhtTnFOU21yRGlkX011bEx0dFNkMk51MGNMbmRzdkhCbjlHaW54T0UzSGJrM0Joc1dabUZLVXZkQmZNZ0VJVE9JdjI0S3RTMlppWUtQYkE5WHgxUndzZzZnN25FcU1GNFQ2NDZYWlRjaGdvQmRaenNoWGFUdVpMaVJLVVZBSGtPRQ?oc=5\" target=\"_blank\" rel=\"nofollow noopener\">Apple: os teus AirPods v\u00e3o ser o teu tradutor pessoal em breve<\/a>&nbsp;&nbsp;TecheNet<\/li>\n<li><a href=\"https:\/\/news.google.com\/rss\/articles\/CBMiuwFBVV95cUxPUnlOalJmSy1nTDhyTkN4Y3dyLXZxR2VaNi04MzhVQ2pnU2k0cjl6cUYxWkw2NW1oTXJkeXVxWGQxY1BnNmo5OTI2b0hLa19jdl94Sm03NUhhV2Q1TWgwSS1EZ0lCMFE4WXFpSmNaR1hSWi1OX21iZUdnOTQxV2dKNnA0X0lCZnVMWldqT1FuYUp1c29DSXVBOHZydVpvczZ4M3Y4djBNN3B2a1JOczNPdEJCSGMzMUhUdGNn?oc=5\" target=\"_blank\" rel=\"nofollow noopener\">Nova fun\u00e7\u00e3o dos AirPods vai lembrar voc\u00ea de recarregar antes da bateria acabar<\/a>&nbsp;&nbsp;Canaltech<\/li>\n<\/ol>\n","protected":false},"excerpt":{"rendered":"iOS 26 pode levar nova fun\u00e7\u00e3o do Apple Intelligence para os AirPods&nbsp;&nbsp;TudoCelular.com iOS 26 &#8220;dedura&#8221; suposto novo recurso&hellip;\n","protected":false},"author":2,"featured_media":26275,"comment_status":"","ping_status":"","sticky":false,"template":"","format":"standard","meta":{"footnotes":""},"categories":[84],"tags":[109,107,108,32,33,105,103,104,106,110],"class_list":{"0":"post-26274","1":"post","2":"type-post","3":"status-publish","4":"format-standard","5":"has-post-thumbnail","7":"category-ciencia-e-tecnologia","8":"tag-ciencia","9":"tag-ciencia-e-tecnologia","10":"tag-cienciaetecnologia","11":"tag-portugal","12":"tag-pt","13":"tag-science","14":"tag-science-and-technology","15":"tag-scienceandtechnology","16":"tag-technology","17":"tag-tecnologia"},"share_on_mastodon":{"url":"","error":""},"_links":{"self":[{"href":"https:\/\/www.europesays.com\/pt\/wp-json\/wp\/v2\/posts\/26274","targetHints":{"allow":["GET"]}}],"collection":[{"href":"https:\/\/www.europesays.com\/pt\/wp-json\/wp\/v2\/posts"}],"about":[{"href":"https:\/\/www.europesays.com\/pt\/wp-json\/wp\/v2\/types\/post"}],"author":[{"embeddable":true,"href":"https:\/\/www.europesays.com\/pt\/wp-json\/wp\/v2\/users\/2"}],"replies":[{"embeddable":true,"href":"https:\/\/www.europesays.com\/pt\/wp-json\/wp\/v2\/comments?post=26274"}],"version-history":[{"count":0,"href":"https:\/\/www.europesays.com\/pt\/wp-json\/wp\/v2\/posts\/26274\/revisions"}],"wp:featuredmedia":[{"embeddable":true,"href":"https:\/\/www.europesays.com\/pt\/wp-json\/wp\/v2\/media\/26275"}],"wp:attachment":[{"href":"https:\/\/www.europesays.com\/pt\/wp-json\/wp\/v2\/media?parent=26274"}],"wp:term":[{"taxonomy":"category","embeddable":true,"href":"https:\/\/www.europesays.com\/pt\/wp-json\/wp\/v2\/categories?post=26274"},{"taxonomy":"post_tag","embeddable":true,"href":"https:\/\/www.europesays.com\/pt\/wp-json\/wp\/v2\/tags?post=26274"}],"curies":[{"name":"wp","href":"https:\/\/api.w.org\/{rel}","templated":true}]}}