{"id":26287,"date":"2025-08-12T13:44:09","date_gmt":"2025-08-12T13:44:09","guid":{"rendered":"https:\/\/www.europesays.com\/pt\/26287\/"},"modified":"2025-08-12T13:44:09","modified_gmt":"2025-08-12T13:44:09","slug":"apple-prepara-atualizacao-dos-airpods-com-tradutor-em-tempo-real","status":"publish","type":"post","link":"https:\/\/www.europesays.com\/pt\/26287\/","title":{"rendered":"Apple prepara atualiza\u00e7\u00e3o dos AirPods com tradutor em tempo real"},"content":{"rendered":"<p>Uma fun\u00e7\u00e3o escondida na vers\u00e3o beta 6 do iOS 26 revela o pr\u00f3ximo grande passo da Apple: os AirPods v\u00e3o transformar-se em tradutores em tempo real. A tecnologia Apple Intelligence torna-o poss\u00edvel. Mas por que raz\u00e3o a Apple manteve at\u00e9 agora este int\u00e9rprete ao vivo para os seus auriculares em segredo?<\/p>\n<p><a target=\"_blank\" href=\"https:\/\/pplware.sapo.pt\/wp-content\/uploads\/2025\/08\/airpods_traducao_ao_vivo00.webp\" rel=\"nofollow noopener\"><img fetchpriority=\"high\" decoding=\"async\" src=\"https:\/\/www.europesays.com\/pt\/wp-content\/uploads\/2025\/08\/airpods_traducao_ao_vivo00-720x405.webp.webp\" alt=\"\" width=\"720\" height=\"405\" class=\"aligncenter size-medium wp-image-1072963\"  \/><\/a><\/p>\n<p>AirPods tornam-se int\u00e9rpretes universais<\/p>\n<p>A Apple est\u00e1 a desenvolver uma fun\u00e7\u00e3o de tradu\u00e7\u00e3o em direto para os AirPods, que poder\u00e1 ser ativada atrav\u00e9s de um novo gesto.<\/p>\n<p>Na <a target=\"_blank\" href=\"https:\/\/pplware.sapo.pt\/apple\/apple-disponibiliza-o-ios-26-beta-6-para-programadores-e-nao-so\/\" rel=\"nofollow noopener\">vers\u00e3o beta 6<\/a> do iOS 26, <strong>programadores descobriram ind\u00edcios de uma funcionalidade<\/strong> criada especificamente para os AirPods Pro 2 e AirPods 4. A <strong>ativa\u00e7\u00e3o ser\u00e1 feita pressionando simultaneamente as hastes<\/strong> de ambos os auriculares, conforme mostra uma imagem com a palavra \u201cOl\u00e1\u201d em v\u00e1rias l\u00ednguas.<\/p>\n<p><strong>O sistema funcionar\u00e1 atrav\u00e9s da aplica\u00e7\u00e3o Traduzir<\/strong>: se um utilizador que fale ingl\u00eas conversar com algu\u00e9m que fale portugu\u00eas, o iPhone ir\u00e1 captar o \u00e1udio, traduzir para ingl\u00eas e reproduzir a tradu\u00e7\u00e3o nos AirPods. A resposta em ingl\u00eas ser\u00e1 ent\u00e3o convertida para portugu\u00eas e reproduzida em voz alta pelo iPhone.<\/p>\n<p>\u00c9 improv\u00e1vel que tudo funcione de forma aut\u00f3noma nos AirPods. Como tal, o processamento desta capacidade dever\u00e1 acontecer dentro do iPhone.<\/p>\n<p><a target=\"_blank\" href=\"https:\/\/pplware.sapo.pt\/wp-content\/uploads\/2025\/08\/airpods_traducao_ao_vivo01.webp\" rel=\"nofollow noopener\"><img loading=\"lazy\" decoding=\"async\" src=\"https:\/\/www.europesays.com\/pt\/wp-content\/uploads\/2025\/08\/airpods_traducao_ao_vivo01-720x405.webp.webp\" alt=\"\" width=\"720\" height=\"405\" class=\"aligncenter size-medium wp-image-1072964\"  \/><\/a><\/p>\n<p>Disponibilidade e requisitos t\u00e9cnicos<\/p>\n<p>A nova fun\u00e7\u00e3o de tradu\u00e7\u00e3o em direto exigir\u00e1 Apple Intelligence em iPhones, iPads, Macs ou Apple Watch compat\u00edveis. \u00c9 prov\u00e1vel que os utilizadores precisem, no m\u00ednimo, de um iPhone 15 Pro, de um iPad Apple ou de um Mac com chip M1. Existe ainda a possibilidade de que a fun\u00e7\u00e3o seja exclusiva da s\u00e9rie iPhone 17, o que explicaria o secretismo da Apple.<\/p>\n<p>As exig\u00eancias de hardware refletem a complexidade do processamento de linguagem em tempo real. A <a target=\"_blank\" href=\"https:\/\/pplware.sapo.pt\/tag\/apple-intelligence\/\" rel=\"nofollow noopener\">Apple Intelligence<\/a>, baseada em <strong>aprendizagem autom\u00e1tica e redes neuronais<\/strong>, necessita de grande capacidade de c\u00e1lculo para reconhecimento de voz, tradu\u00e7\u00e3o e s\u00edntese simult\u00e2neos. A limita\u00e7\u00e3o a modelos recentes visa garantir a melhor experi\u00eancia de utiliza\u00e7\u00e3o, sem atrasos nem perda de qualidade.<\/p>\n<p>Calend\u00e1rio e contexto de mercado<\/p>\n<p>Segundo <a target=\"_blank\" href=\"https:\/\/x.com\/markgurman\" rel=\"nofollow\">Mark Gurman<\/a>, jornalista da Bloomberg, a Apple <strong>n\u00e3o apresentou esta fun\u00e7\u00e3o na WWDC 2025 porque n\u00e3o estava pronta<\/strong> e para evitar repetir a pol\u00e9mica de 2024 sobre funcionalidades atrasadas da Siri. A <strong>tradu\u00e7\u00e3o em direto para AirPods poder\u00e1 chegar com o lan\u00e7amento do iOS 26<\/strong> ou numa atualiza\u00e7\u00e3o posterior.<\/p>\n<p>A fun\u00e7\u00e3o ser\u00e1 uma extens\u00e3o natural das tradu\u00e7\u00f5es em direto j\u00e1 anunciadas para o FaceTime, Mensagens e chamadas telef\u00f3nicas, e representa um caso de uso relevante para wearables, como j\u00e1 acontece com produtos como os Meta Ray-Ban.<\/p>\n<p><a target=\"_blank\" href=\"https:\/\/pplware.sapo.pt\/wp-content\/uploads\/2025\/08\/airpods_traducao_ao_vivo02.webp\" rel=\"nofollow noopener\"><img loading=\"lazy\" decoding=\"async\" src=\"https:\/\/www.europesays.com\/pt\/wp-content\/uploads\/2025\/08\/airpods_traducao_ao_vivo02-720x405.webp.webp\" alt=\"\" width=\"720\" height=\"405\" class=\"aligncenter size-medium wp-image-1072965\"  \/><\/a><\/p>\n<p>O <strong>mercado de dispositivos de tradu\u00e7\u00e3o est\u00e1 em crescimento<\/strong>, Google, com os Pixel Buds, e Microsoft, com o Translator, j\u00e1 seguiram caminhos semelhantes.<\/p>\n<p>A evolu\u00e7\u00e3o demonstra como a Apple continua a tornar os AirPods cada vez mais vers\u00e1teis. Depois de funcionalidades como cancelamento de ru\u00eddo e recursos de <a target=\"_blank\" href=\"https:\/\/pplware.sapo.pt\/apple\/airpods-pro-2-firmware-7b19-traz-aparelho-auditivo-teste-auditivo-e-protecao-auditiva\/\" rel=\"nofollow noopener\">sa\u00fade auditiva<\/a>, a tradu\u00e7\u00e3o em direto pode ser mais um passo para criar uma experi\u00eancia de realidade aumentada para os ouvidos.<\/p>\n<p>No entanto, cr\u00edticos alertam que este tipo de tecnologia tende a funcionar bem apenas em ambientes controlados e pode enfrentar dificuldades em locais ruidosos ou com conversas complexas.<\/p>\n","protected":false},"excerpt":{"rendered":"Uma fun\u00e7\u00e3o escondida na vers\u00e3o beta 6 do iOS 26 revela o pr\u00f3ximo grande passo da Apple: os&hellip;\n","protected":false},"author":2,"featured_media":26288,"comment_status":"","ping_status":"","sticky":false,"template":"","format":"standard","meta":{"footnotes":""},"categories":[84],"tags":[8575,9097,109,107,108,6369,32,33,105,103,104,106,110,9098],"class_list":{"0":"post-26287","1":"post","2":"type-post","3":"status-publish","4":"format-standard","5":"has-post-thumbnail","7":"category-ciencia-e-tecnologia","8":"tag-airpods","9":"tag-airpods-2","10":"tag-ciencia","11":"tag-ciencia-e-tecnologia","12":"tag-cienciaetecnologia","13":"tag-mark-gurman","14":"tag-portugal","15":"tag-pt","16":"tag-science","17":"tag-science-and-technology","18":"tag-scienceandtechnology","19":"tag-technology","20":"tag-tecnologia","21":"tag-tradutor"},"share_on_mastodon":{"url":"","error":""},"_links":{"self":[{"href":"https:\/\/www.europesays.com\/pt\/wp-json\/wp\/v2\/posts\/26287","targetHints":{"allow":["GET"]}}],"collection":[{"href":"https:\/\/www.europesays.com\/pt\/wp-json\/wp\/v2\/posts"}],"about":[{"href":"https:\/\/www.europesays.com\/pt\/wp-json\/wp\/v2\/types\/post"}],"author":[{"embeddable":true,"href":"https:\/\/www.europesays.com\/pt\/wp-json\/wp\/v2\/users\/2"}],"replies":[{"embeddable":true,"href":"https:\/\/www.europesays.com\/pt\/wp-json\/wp\/v2\/comments?post=26287"}],"version-history":[{"count":0,"href":"https:\/\/www.europesays.com\/pt\/wp-json\/wp\/v2\/posts\/26287\/revisions"}],"wp:featuredmedia":[{"embeddable":true,"href":"https:\/\/www.europesays.com\/pt\/wp-json\/wp\/v2\/media\/26288"}],"wp:attachment":[{"href":"https:\/\/www.europesays.com\/pt\/wp-json\/wp\/v2\/media?parent=26287"}],"wp:term":[{"taxonomy":"category","embeddable":true,"href":"https:\/\/www.europesays.com\/pt\/wp-json\/wp\/v2\/categories?post=26287"},{"taxonomy":"post_tag","embeddable":true,"href":"https:\/\/www.europesays.com\/pt\/wp-json\/wp\/v2\/tags?post=26287"}],"curies":[{"name":"wp","href":"https:\/\/api.w.org\/{rel}","templated":true}]}}