{"id":262990,"date":"2026-02-09T14:19:27","date_gmt":"2026-02-09T14:19:27","guid":{"rendered":"https:\/\/www.europesays.com\/pt\/262990\/"},"modified":"2026-02-09T14:19:27","modified_gmt":"2026-02-09T14:19:27","slug":"3-nomes-de-peso-estao-na-disputa","status":"publish","type":"post","link":"https:\/\/www.europesays.com\/pt\/262990\/","title":{"rendered":"3 nomes de peso est\u00e3o na disputa"},"content":{"rendered":"<p>O <a href=\"https:\/\/natelinha.uol.com.br\/televisao\/emissoras\/sbt\" rel=\"nofollow noopener\" target=\"_blank\">SBT<\/a>\u00a0busca no mercado um novo profissional para liderar seu departamento comercial ap\u00f3s a sa\u00edda de Marcos Kotait no fim de janeiro. O <strong>NaTelinha<\/strong> apurou que tr\u00eas nomes est\u00e3o entre os cotados e que o nome deve ser definido ap\u00f3s o Carnaval, e a decis\u00e3o final vai depender de <a href=\"https:\/\/natelinha.uol.com.br\/famosos\/tudo-sobre\/daniela-beyruti\" rel=\"nofollow noopener\" target=\"_blank\">Daniela Beyruti<\/a>, CEO da emissora.<\/p>\n<p>continua depois da publicidade<\/p>\n<p>Na mira est\u00e3o Marcus Vin\u00edcius Chisco, ex-VP comercial da CNN Brasil, al\u00e9m de dois executivos que tamb\u00e9m passaram pela emissora e tiveram seus nomes lembrados: Fred M\u00fcller e Walter Zagari.<\/p>\n<p>+\u00a0<a href=\"https:\/\/natelinha.uol.com.br\/colunas\/walter-felix\/2026\/02\/09\/com-vampira-e-mula-sem-cabeca-eta-mundo-melhor-nao-tem-mais-o-que-inventar-237673.php\" rel=\"nofollow noopener\" target=\"_blank\">Com vampira e mula sem cabe\u00e7a, \u00cata Mundo Melhor n\u00e3o tem mais o que inventa<\/a><\/p>\n<p>+\u00a0<a href=\"https:\/\/natelinha.uol.com.br\/colunas\/joao-paulo-dell-santo\/2026\/02\/09\/globo-sacrifica-grade-e-encara-risco-pela-olimpiada-de-inverno-237732.php\" rel=\"nofollow noopener\" target=\"_blank\">Globo sacrifica grade e encara risco pela Olimp\u00edada de Inverno\u00a0<\/a><\/p>\n<p>Chisco, como \u00e9 conhecido, tem passagem pela Globosat e pela <a href=\"https:\/\/natelinha.uol.com.br\/televisao\/emissoras\/record\" rel=\"nofollow noopener\" target=\"_blank\">Record,<\/a> al\u00e9m da CNN Brasil, que deixou em 2021, per\u00edodo em que o canal de not\u00edcias viveu seu melhor momento de faturamento. Seu nome tem simpatia de Daniela Beyruti.<\/p>\n<p>continua depois da publicidade<\/p>\n<p>Por outro lado, h\u00e1 uma ala no SBT que defende Fred M\u00fcller, que ocupou o cargo at\u00e9 2023 e ainda hoje seu trabalho \u00e9 elogiado nos bastidores. Walter Zagari, considerado o \u2018Pel\u00e9 da publicidade\u2019, tamb\u00e9m aparece como forte candidato; seu hist\u00f3rico na emissora e o conhecimento tanto do art\u00edstico quanto do comercial jogam a seu favor.<\/p>\n<p>SBT busca aumentar faturamento<\/p>\n<p>Fontes ouvidas pela coluna afirmam que o nome escolhido ter\u00e1 como principal fun\u00e7\u00e3o criar melhores oportunidades comerciais para o SBT na programa\u00e7\u00e3o di\u00e1ria. Um exemplo \u00e9 que, no mercado publicit\u00e1rio, existem fortes resist\u00eancias em anunciar em programas policiais,\u00a0editoria que domina as manh\u00e3s\u00a0do canal.<\/p>\n<p>continua depois da publicidade<\/p>\n<p><img decoding=\"async\" loading=\"lazy\" class=\"horizontal\" src=\"https:\/\/www.europesays.com\/pt\/wp-content\/uploads\/2026\/02\/chisco-zagari-fred-muller-sbt-cotados-comercial_2845.jpeg\" alt=\"SBT em busca de novo diretor comercial: 3 nomes de peso est\u00e3o na disputa\"\/><\/p>\n<p>Marcos Kotait, que deixou a diretoria comercial do SBT no dia 29 de janeiro, teve duas passagens pela emissora e, ao todo, somou 20 anos no canal fundado por Silvio Santos (1930 -2024). Foi respons\u00e1vel pela formata\u00e7\u00e3o do projeto Copa do Mundo e conseguiu comercializar as seis cotas dispon\u00edveis. \u201cFoi muito bem recebido pelo mercado\u201d, disse o executivo ao Meio &amp; Mensagem. Sua sa\u00edda foi uma surpresa nos bastidores.<\/p>\n","protected":false},"excerpt":{"rendered":"O SBT\u00a0busca no mercado um novo profissional para liderar seu departamento comercial ap\u00f3s a sa\u00edda de Marcos Kotait&hellip;\n","protected":false},"author":2,"featured_media":262991,"comment_status":"","ping_status":"","sticky":false,"template":"","format":"standard","meta":{"footnotes":"","_share_on_mastodon":"0"},"categories":[142],"tags":[6185,114,115,32,33,936,151],"class_list":["post-262990","post","type-post","status-publish","format-standard","has-post-thumbnail","category-tv","tag-daniela-beyruti","tag-entertainment","tag-entretenimento","tag-portugal","tag-pt","tag-sbt","tag-tv"],"share_on_mastodon":{"url":"https:\/\/pubeurope.com\/@pt\/116041112775711035","error":""},"_links":{"self":[{"href":"https:\/\/www.europesays.com\/pt\/wp-json\/wp\/v2\/posts\/262990","targetHints":{"allow":["GET"]}}],"collection":[{"href":"https:\/\/www.europesays.com\/pt\/wp-json\/wp\/v2\/posts"}],"about":[{"href":"https:\/\/www.europesays.com\/pt\/wp-json\/wp\/v2\/types\/post"}],"author":[{"embeddable":true,"href":"https:\/\/www.europesays.com\/pt\/wp-json\/wp\/v2\/users\/2"}],"replies":[{"embeddable":true,"href":"https:\/\/www.europesays.com\/pt\/wp-json\/wp\/v2\/comments?post=262990"}],"version-history":[{"count":0,"href":"https:\/\/www.europesays.com\/pt\/wp-json\/wp\/v2\/posts\/262990\/revisions"}],"wp:featuredmedia":[{"embeddable":true,"href":"https:\/\/www.europesays.com\/pt\/wp-json\/wp\/v2\/media\/262991"}],"wp:attachment":[{"href":"https:\/\/www.europesays.com\/pt\/wp-json\/wp\/v2\/media?parent=262990"}],"wp:term":[{"taxonomy":"category","embeddable":true,"href":"https:\/\/www.europesays.com\/pt\/wp-json\/wp\/v2\/categories?post=262990"},{"taxonomy":"post_tag","embeddable":true,"href":"https:\/\/www.europesays.com\/pt\/wp-json\/wp\/v2\/tags?post=262990"}],"curies":[{"name":"wp","href":"https:\/\/api.w.org\/{rel}","templated":true}]}}