{"id":26315,"date":"2025-08-12T14:03:08","date_gmt":"2025-08-12T14:03:08","guid":{"rendered":"https:\/\/www.europesays.com\/pt\/26315\/"},"modified":"2025-08-12T14:03:08","modified_gmt":"2025-08-12T14:03:08","slug":"bruno-de-carvalho-e-expulso-do-big-brother-verao-e-miguel-vicente-tem-algo-a-dizer","status":"publish","type":"post","link":"https:\/\/www.europesays.com\/pt\/26315\/","title":{"rendered":"Bruno de Carvalho \u00e9 expulso do &#8220;Big Brother Ver\u00e3o&#8221;&#8230; e Miguel Vicente tem algo a dizer!"},"content":{"rendered":"<p>Foi na passada segunda-feira, dia 11, que\u00a0<a href=\"https:\/\/selfie.iol.pt\/famosos\/bruno-de-carvalho\/big-brother-verao-bruno-de-carvalho-expulso-apos-dar-pontape-a-afonso-leitao\/20250811\/689a5a01d34e3f0baea186a5\" target=\"_blank\" wbo-id=\"47\" rel=\"nofollow noopener\">Bruno de Carvalho<\/a>\u00a0foi expulso diretamente do &#8220;<a href=\"https:\/\/tvi.iol.pt\/bigbrother\/\" target=\"_blank\" wbo-id=\"48\" rel=\"nofollow noopener\">Big Brother Ver\u00e3o<\/a>&#8220;, ap\u00f3s ter dado um pontap\u00e9 a\u00a0<a href=\"https:\/\/selfie.iol.pt\/famosos\/daniela-santos\/apos-desistir-do-big-brother-daniela-santos-apela-ao-voto-em-concorrente-e-nao-e-em-afonso-leitao\/20250806\/6893a40fd34e3f0baea15b71\" target=\"_blank\" wbo-id=\"49\" rel=\"nofollow noopener\">Afonso Leit\u00e3o<\/a>.<\/p>\n<p>Nas redes sociais, multiplicam-se as rea\u00e7\u00f5es a esta medida dr\u00e1stica. Por exemplo, <a href=\"https:\/\/selfie.iol.pt\/famosos\/big-brother\/filho-de-miguel-vicente-tem-gesto-surpreendente-e-a-mae-do-bebe-reage-quantos-anos-acham-que-faltam\/20250727\/68868470d34ef72ee448c7ac\" target=\"_blank\" rel=\"nofollow noopener\">Miguel Vicente<\/a> j\u00e1 se manifestou.<\/p>\n<p>&#8220;Rua, rua! J\u00e1 devias ter sido expulso, Bruno! Um &#8216;ganda&#8217; abra\u00e7o!&#8221;, exclamou o vencedor do &#8220;Big Brother 2022&#8221;.<\/p>\n<p><a href=\"https:\/\/selfie.iol.pt\/famosos\/miguel-vicente\/voltou-a-aquecer-bruno-de-carvalho-e-miguel-vicente-em-intenso-confronto-nao-me-metes-medo\/20250307\/67cb0460d34e3f0bae9b58ec\" target=\"_blank\" rel=\"nofollow noopener\">Recorde-se que Miguel Vicente e Bruno de Carvalho tiveram v\u00e1rios confrontos em &#8220;Secret Story &#8211; Desafio Final&#8221;<\/a>.<\/p>\n<p>Veja, agora, algumas das melhores imagens de Miguel Vicente e Bruno de Carvalho nas galerias de fotografias que prepar\u00e1mos para si.<\/p>\n","protected":false},"excerpt":{"rendered":"Foi na passada segunda-feira, dia 11, que\u00a0Bruno de Carvalho\u00a0foi expulso diretamente do &#8220;Big Brother Ver\u00e3o&#8220;, ap\u00f3s ter dado&hellip;\n","protected":false},"author":2,"featured_media":26316,"comment_status":"","ping_status":"","sticky":false,"template":"","format":"standard","meta":{"footnotes":""},"categories":[145],"tags":[48,341,211,210,114,115,980,1015,9102,619,32,33,1014,1012,162],"class_list":{"0":"post-26315","1":"post","2":"type-post","3":"status-publish","4":"format-standard","5":"has-post-thumbnail","7":"category-celebridades","8":"tag-big-brother","9":"tag-bruno-de-carvalho","10":"tag-celebridades","11":"tag-celebrities","12":"tag-entertainment","13":"tag-entretenimento","14":"tag-famosos","15":"tag-instagram","16":"tag-miguel-vicente","17":"tag-nacional","18":"tag-portugal","19":"tag-pt","20":"tag-reality-show","21":"tag-selfie","22":"tag-tvi"},"share_on_mastodon":{"url":"","error":""},"_links":{"self":[{"href":"https:\/\/www.europesays.com\/pt\/wp-json\/wp\/v2\/posts\/26315","targetHints":{"allow":["GET"]}}],"collection":[{"href":"https:\/\/www.europesays.com\/pt\/wp-json\/wp\/v2\/posts"}],"about":[{"href":"https:\/\/www.europesays.com\/pt\/wp-json\/wp\/v2\/types\/post"}],"author":[{"embeddable":true,"href":"https:\/\/www.europesays.com\/pt\/wp-json\/wp\/v2\/users\/2"}],"replies":[{"embeddable":true,"href":"https:\/\/www.europesays.com\/pt\/wp-json\/wp\/v2\/comments?post=26315"}],"version-history":[{"count":0,"href":"https:\/\/www.europesays.com\/pt\/wp-json\/wp\/v2\/posts\/26315\/revisions"}],"wp:featuredmedia":[{"embeddable":true,"href":"https:\/\/www.europesays.com\/pt\/wp-json\/wp\/v2\/media\/26316"}],"wp:attachment":[{"href":"https:\/\/www.europesays.com\/pt\/wp-json\/wp\/v2\/media?parent=26315"}],"wp:term":[{"taxonomy":"category","embeddable":true,"href":"https:\/\/www.europesays.com\/pt\/wp-json\/wp\/v2\/categories?post=26315"},{"taxonomy":"post_tag","embeddable":true,"href":"https:\/\/www.europesays.com\/pt\/wp-json\/wp\/v2\/tags?post=26315"}],"curies":[{"name":"wp","href":"https:\/\/api.w.org\/{rel}","templated":true}]}}