{"id":263212,"date":"2026-02-09T17:08:12","date_gmt":"2026-02-09T17:08:12","guid":{"rendered":"https:\/\/www.europesays.com\/pt\/263212\/"},"modified":"2026-02-09T17:08:12","modified_gmt":"2026-02-09T17:08:12","slug":"nivea-stelmann-confessa-preocupacao-apos-episodio-com-a-filha-assustada","status":"publish","type":"post","link":"https:\/\/www.europesays.com\/pt\/263212\/","title":{"rendered":"N\u00edvea Stelmann confessa preocupa\u00e7\u00e3o ap\u00f3s epis\u00f3dio com a filha: &#8216;Assustada&#8217;"},"content":{"rendered":"<p>A atriz\u00a0<a href=\"https:\/\/caras.com.br\/tags\/nivea-stelmann\" target=\"_blank\" rel=\"noopener nofollow\"><strong>Nivea Stelmann<\/strong><\/a> usou as redes sociais para relatar um epis\u00f3dio curioso <a href=\"https:\/\/caras.com.br\/bebe\/nivea-stelmann-revela-que-sua-familia-e-do-marido-crescera-muita-alegria.phtml\" rel=\"nofollow noopener\" target=\"_blank\">que viveu em casa.<\/a> Em publica\u00e7\u00f5es feitas nas redes sociais nesta segunda-feira, 9, ela contou que decidiu esconder doces da filha, <strong>Bruna<\/strong>, de 11 anos, para controlar o consumo de a\u00e7\u00facar, mas acabou se esquecendo completamente de onde guardou as guloseimas.<\/p>\n<p>Nos stories, Nivea comentou que sempre teve boa mem\u00f3ria e lembrou que, na \u00e9poca em que atuava, conseguia decorar longos textos com facilidade. \u201cGente, s\u00e9rio. Eu t\u00f4 muito preocupada comigo. Minha mem\u00f3ria era algo que eu tinha orgulho. Eu pegava o texto de manh\u00e3 e decorava p\u00e1ginas e p\u00e1ginas, os cap\u00edtulos da semana inteira\u201d, come\u00e7ou ela.<\/p>\n<p>Em seguida, confessou: \u201cAgora, eu, juro, n\u00e3o tenho nenhuma lembran\u00e7a de onde pode estar. T\u00e1 no closet? Na sala? Na dispensa? N\u00e3o tenho nenhuma no\u00e7\u00e3o. Nuvem branca. Eu t\u00f4 assustada\u201d.<\/p>\n<p>Al\u00e9m disso, diante da falta de pistas, ela decidiu parar de procurar e esperar que os doces \u201creapare\u00e7am\u201d. \u201cVou parar de procurar, um dia vai aparecer. Vai dar formiga, eu vou ter um sinal. Um dia eu vou abrir um lugar e\u2026 [encontrar]. Eu lembro que quando eu estava escondendo eu pensei assim: \u2018eu vou colocar em um lugar que eu duvido que ela ache&#8217;\u201d, disse ela.<\/p>\n<p>Vale lembrar que Bruna \u00e9 fruto do casamento da atriz com <strong>Marcus Rocha<\/strong>. Ela tamb\u00e9m \u00e9 m\u00e3e de<strong> Miguel Frias<\/strong>, de 22 anos, fruto de seu relacionamento com o ator <strong>M\u00e1rio Frias.<\/strong><\/p>\n<p>Em <a href=\"https:\/\/caras.com.br\/atualidades\/nivea-stelmann-revela-como-conheceu-o-marido-porta-da-escola-dos-nossos-filhos.phtml\" target=\"_blank\" rel=\"noopener nofollow\">entrevista \u00e0\u00a0<strong>CARAS Digital<\/strong>, ela revelou como conheceu o esposo na porta da escola de seu primog\u00eanito<\/a>,\u00a0<strong>Miguel Frias.<\/strong><\/p>\n<p>O anivers\u00e1rio da filha de Nivea Stelmann<\/p>\n<p>Em mar\u00e7o do ano passado,Nivea Stelmann comemorou os 11 anos de sua filha ca\u00e7ula e encantou os f\u00e3s ao compartilhar fotos da festinha que fez para a menina. <a href=\"https:\/\/caras.com.br\/festas\/nivea-stelmann-comemora-11-anos-da-filha-cacula-princesa-da-minha-vida.phtml\" rel=\"nofollow noopener\" target=\"_blank\">Relembre como foi!<\/a><\/p>\n<p>Leia tamb\u00e9m: <a href=\"https:\/\/caras.com.br\/kids\/ela-cresceu-nivea-stelmann-comemora-novo-ano-letivo-da-filha-nos-eua.phtml\" rel=\"nofollow noopener\" target=\"_blank\">Ela cresceu! Nivea Stelmann comemora novo ano letivo da filha nos EUA<\/a><\/p>\n<p>        <a href=\"https:\/\/caras.com.br\/autor\/juliana-dracz\" rel=\"nofollow noopener\" target=\"_blank\">&#13;<br \/>\n          <img loading=\"lazy\" decoding=\"async\" alt=\"Juliana Dracz\" src=\"https:\/\/www.europesays.com\/pt\/wp-content\/uploads\/2026\/01\/1769446148_811_436551461_2434711450057729_5105646040807821088_n_sqmd.png\" class=\"avatar avatar-115 photo rounded-circle\" height=\"115\" width=\"115\"\/>        <\/a><\/p>\n<p>Juliana Dracz \u00e9 rep\u00f3rter de conte\u00fado do site CARAS. Formada em Jornalismo pela Universidade Cat\u00f3lica de Bras\u00edlia, ela j\u00e1 trabalhou em grandes sites de entretenimento. Atualmente, escreve sobre novelas, celebridades e TV.<\/p>\n","protected":false},"excerpt":{"rendered":"A atriz\u00a0Nivea Stelmann usou as redes sociais para relatar um epis\u00f3dio curioso que viveu em casa. Em publica\u00e7\u00f5es&hellip;\n","protected":false},"author":2,"featured_media":263213,"comment_status":"","ping_status":"","sticky":false,"template":"","format":"standard","meta":{"footnotes":"","_share_on_mastodon":"0"},"categories":[145],"tags":[211,210,114,115,48704,32,33],"class_list":["post-263212","post","type-post","status-publish","format-standard","has-post-thumbnail","category-celebridades","tag-celebridades","tag-celebrities","tag-entertainment","tag-entretenimento","tag-nivea-stelmann","tag-portugal","tag-pt"],"share_on_mastodon":{"url":"https:\/\/pubeurope.com\/@pt\/116041777348083458","error":""},"_links":{"self":[{"href":"https:\/\/www.europesays.com\/pt\/wp-json\/wp\/v2\/posts\/263212","targetHints":{"allow":["GET"]}}],"collection":[{"href":"https:\/\/www.europesays.com\/pt\/wp-json\/wp\/v2\/posts"}],"about":[{"href":"https:\/\/www.europesays.com\/pt\/wp-json\/wp\/v2\/types\/post"}],"author":[{"embeddable":true,"href":"https:\/\/www.europesays.com\/pt\/wp-json\/wp\/v2\/users\/2"}],"replies":[{"embeddable":true,"href":"https:\/\/www.europesays.com\/pt\/wp-json\/wp\/v2\/comments?post=263212"}],"version-history":[{"count":0,"href":"https:\/\/www.europesays.com\/pt\/wp-json\/wp\/v2\/posts\/263212\/revisions"}],"wp:featuredmedia":[{"embeddable":true,"href":"https:\/\/www.europesays.com\/pt\/wp-json\/wp\/v2\/media\/263213"}],"wp:attachment":[{"href":"https:\/\/www.europesays.com\/pt\/wp-json\/wp\/v2\/media?parent=263212"}],"wp:term":[{"taxonomy":"category","embeddable":true,"href":"https:\/\/www.europesays.com\/pt\/wp-json\/wp\/v2\/categories?post=263212"},{"taxonomy":"post_tag","embeddable":true,"href":"https:\/\/www.europesays.com\/pt\/wp-json\/wp\/v2\/tags?post=263212"}],"curies":[{"name":"wp","href":"https:\/\/api.w.org\/{rel}","templated":true}]}}