{"id":26347,"date":"2025-08-12T14:31:09","date_gmt":"2025-08-12T14:31:09","guid":{"rendered":"https:\/\/www.europesays.com\/pt\/26347\/"},"modified":"2025-08-12T14:31:09","modified_gmt":"2025-08-12T14:31:09","slug":"operado-do-cancer-edu-guedes-abre-o-jogo-sobre-ana-hickmann","status":"publish","type":"post","link":"https:\/\/www.europesays.com\/pt\/26347\/","title":{"rendered":"Operado do c\u00e2ncer, Edu Guedes abre o jogo sobre Ana Hickmann"},"content":{"rendered":"<p>Apresentador Edu Guedes expressa gratid\u00e3o pela recupera\u00e7\u00e3o e discute planos futuros ap\u00f3s a cirurgia.<\/p>\n<p>Edu Guedes, apresentador e chef de cozinha, comemora sua recupera\u00e7\u00e3o ap\u00f3s passar por uma cirurgia de remo\u00e7\u00e3o de tumor pancre\u00e1tico. Na v\u00e9spera do Dia dos Pais, ele concedeu uma entrevista \u00e0 colunista F\u00e1bia Oliveira, na qual falou sobre sua trajet\u00f3ria de supera\u00e7\u00e3o, o suporte essencial de sua parceira, Ana Hickmann, e seus planos para o futuro.<\/p>\n<p>Mesmo enfrentando um per\u00edodo dif\u00edcil de recupera\u00e7\u00e3o, Edu afirmou que est\u00e1 se sentindo bem e fortalecido. Ele ressaltou o papel essencial do suporte que recebeu de Ana e dos familiares durante esse momento delicado. Al\u00e9m disso, falou sobre as mudan\u00e7as que precisou fazer na alimenta\u00e7\u00e3o e na rotina de exerc\u00edcios para cuidar melhor da sa\u00fade.<\/p>\n<p>Al\u00e9m disso, Edu compartilhou sua rela\u00e7\u00e3o com a filha Maria, ressaltando o orgulho que sente por ela e a import\u00e2ncia de ser um exemplo positivo em sua vida. Ele expressou gratid\u00e3o pelas mensagens de apoio recebidas durante o per\u00edodo de recupera\u00e7\u00e3o e afirmou que est\u00e1 focado em manter um estilo de vida saud\u00e1vel para garantir seu bem-estar.<\/p>\n<p>\u00a0<\/p>\n","protected":false},"excerpt":{"rendered":"Apresentador Edu Guedes expressa gratid\u00e3o pela recupera\u00e7\u00e3o e discute planos futuros ap\u00f3s a cirurgia. Edu Guedes, apresentador e&hellip;\n","protected":false},"author":2,"featured_media":26348,"comment_status":"","ping_status":"","sticky":false,"template":"","format":"standard","meta":{"footnotes":""},"categories":[145],"tags":[1776,211,210,6497,114,115,32,33],"class_list":{"0":"post-26347","1":"post","2":"type-post","3":"status-publish","4":"format-standard","5":"has-post-thumbnail","7":"category-celebridades","8":"tag-cancer","9":"tag-celebridades","10":"tag-celebrities","11":"tag-edu-guedes","12":"tag-entertainment","13":"tag-entretenimento","14":"tag-portugal","15":"tag-pt"},"share_on_mastodon":{"url":"","error":""},"_links":{"self":[{"href":"https:\/\/www.europesays.com\/pt\/wp-json\/wp\/v2\/posts\/26347","targetHints":{"allow":["GET"]}}],"collection":[{"href":"https:\/\/www.europesays.com\/pt\/wp-json\/wp\/v2\/posts"}],"about":[{"href":"https:\/\/www.europesays.com\/pt\/wp-json\/wp\/v2\/types\/post"}],"author":[{"embeddable":true,"href":"https:\/\/www.europesays.com\/pt\/wp-json\/wp\/v2\/users\/2"}],"replies":[{"embeddable":true,"href":"https:\/\/www.europesays.com\/pt\/wp-json\/wp\/v2\/comments?post=26347"}],"version-history":[{"count":0,"href":"https:\/\/www.europesays.com\/pt\/wp-json\/wp\/v2\/posts\/26347\/revisions"}],"wp:featuredmedia":[{"embeddable":true,"href":"https:\/\/www.europesays.com\/pt\/wp-json\/wp\/v2\/media\/26348"}],"wp:attachment":[{"href":"https:\/\/www.europesays.com\/pt\/wp-json\/wp\/v2\/media?parent=26347"}],"wp:term":[{"taxonomy":"category","embeddable":true,"href":"https:\/\/www.europesays.com\/pt\/wp-json\/wp\/v2\/categories?post=26347"},{"taxonomy":"post_tag","embeddable":true,"href":"https:\/\/www.europesays.com\/pt\/wp-json\/wp\/v2\/tags?post=26347"}],"curies":[{"name":"wp","href":"https:\/\/api.w.org\/{rel}","templated":true}]}}