{"id":263561,"date":"2026-02-09T22:40:19","date_gmt":"2026-02-09T22:40:19","guid":{"rendered":"https:\/\/www.europesays.com\/pt\/263561\/"},"modified":"2026-02-09T22:40:19","modified_gmt":"2026-02-09T22:40:19","slug":"francisco-monteiro-partilha-novidade-vou-estar-convosco-a-dobrar","status":"publish","type":"post","link":"https:\/\/www.europesays.com\/pt\/263561\/","title":{"rendered":"Francisco Monteiro partilha novidade: &#8220;Vou estar convosco a dobrar&#8221;"},"content":{"rendered":"<p>Francisco Monteiro deixou de ser uma figura ass\u00eddua em televis\u00e3o desde o fim da nona edi\u00e7\u00e3o de &#8220;<a href=\"https:\/\/tvi.iol.pt\/secretstory\/\" target=\"_blank\" rel=\"nofollow noopener\">Secret Story<\/a> &#8211; Casa dos Segredos&#8221;, reality show da <a href=\"https:\/\/tvi.iol.pt\/\" target=\"_blank\" rel=\"nofollow noopener\">TVI<\/a> do qual era comentador. No entanto, o regresso \u00e0 televis\u00e3o estar\u00e1 para breve.<\/p>\n<p>&#8220;Portanto, hoje, a visibilidade no Porto est\u00e1 fant\u00e1stica, como podem constatar. Mas isso tamb\u00e9m n\u00e3o interessa nada por agora&#8221;, come\u00e7ou por escrever o vencedor do &#8220;<a href=\"https:\/\/tvi.iol.pt\/bigbrother\/\" target=\"_blank\" rel=\"nofollow noopener\">Big Brother<\/a> 2023&#8243;, esta segunda-feira, dia 9, no Instagram, mesmo antes de sugerir que vai voltar a ser visto no pequeno ecr\u00e3.<\/p>\n<p>&#8220;Nesta sexta-feira, vou estar convosco a dobrar, apesar de que apenas poder\u00e3o acompanhar uma delas (por agora)&#8221;, indicou Zaza, como o nortenho \u00e9 carinhosamente tratado. &#8220;Sexta-feira de manh\u00e3&#8221;, insistiu <a href=\"https:\/\/selfie.iol.pt\/famosos\/francisco-monteiro\/francisco-monteiro-faz-revelacao-que-envolve-amor-e-marcia-soares\/20260204\/69831b90d34e0ec52ec31a44\" target=\"_blank\" rel=\"nofollow noopener\">Francisco Monteiro<\/a>, enviando um beijo aos seguidores.<\/p>\n<p>Veja, agora, nas galerias que prepar\u00e1mos para si, as melhores imagens de <a href=\"https:\/\/selfie.iol.pt\/famosos\/big-brother\/francisco-monteiro-por-que-motivo-sinto-que-ganho-mesmo-perdendo-basta-olhar-para-quem-tenho-ali-nas-minhas-costas\/20260204\/6982febbd34e0ec52ec3193c\" target=\"_blank\" rel=\"nofollow noopener\">Francisco Monteiro<\/a>.<\/p>\n<p style=\"text-align:center\"><img loading=\"lazy\" decoding=\"async\" alt=\"\" height=\"889\" src=\"https:\/\/www.europesays.com\/pt\/wp-content\/uploads\/2026\/02\/698a3203d34e92a34498a276.webp\" width=\"500\"\/><\/p>\n<p>\u00a0<\/p>\n","protected":false},"excerpt":{"rendered":"Francisco Monteiro deixou de ser uma figura ass\u00eddua em televis\u00e3o desde o fim da nona edi\u00e7\u00e3o de &#8220;Secret&hellip;\n","protected":false},"author":2,"featured_media":263562,"comment_status":"","ping_status":"","sticky":false,"template":"","format":"standard","meta":{"footnotes":"","_share_on_mastodon":"0"},"categories":[142],"tags":[6308,6981,48,6982,114,115,980,2071,1015,619,32,33,1014,1012,151,162,6813,12181],"class_list":["post-263561","post","type-post","status-publish","format-standard","has-post-thumbnail","category-tv","tag-bb","tag-bb2023","tag-big-brother","tag-big-brother-2023","tag-entertainment","tag-entretenimento","tag-famosos","tag-francisco-monteiro","tag-instagram","tag-nacional","tag-portugal","tag-pt","tag-reality-show","tag-selfie","tag-tv","tag-tvi","tag-vencedor","tag-zaza"],"share_on_mastodon":{"url":"https:\/\/pubeurope.com\/@pt\/116043082892696711","error":""},"_links":{"self":[{"href":"https:\/\/www.europesays.com\/pt\/wp-json\/wp\/v2\/posts\/263561","targetHints":{"allow":["GET"]}}],"collection":[{"href":"https:\/\/www.europesays.com\/pt\/wp-json\/wp\/v2\/posts"}],"about":[{"href":"https:\/\/www.europesays.com\/pt\/wp-json\/wp\/v2\/types\/post"}],"author":[{"embeddable":true,"href":"https:\/\/www.europesays.com\/pt\/wp-json\/wp\/v2\/users\/2"}],"replies":[{"embeddable":true,"href":"https:\/\/www.europesays.com\/pt\/wp-json\/wp\/v2\/comments?post=263561"}],"version-history":[{"count":0,"href":"https:\/\/www.europesays.com\/pt\/wp-json\/wp\/v2\/posts\/263561\/revisions"}],"wp:featuredmedia":[{"embeddable":true,"href":"https:\/\/www.europesays.com\/pt\/wp-json\/wp\/v2\/media\/263562"}],"wp:attachment":[{"href":"https:\/\/www.europesays.com\/pt\/wp-json\/wp\/v2\/media?parent=263561"}],"wp:term":[{"taxonomy":"category","embeddable":true,"href":"https:\/\/www.europesays.com\/pt\/wp-json\/wp\/v2\/categories?post=263561"},{"taxonomy":"post_tag","embeddable":true,"href":"https:\/\/www.europesays.com\/pt\/wp-json\/wp\/v2\/tags?post=263561"}],"curies":[{"name":"wp","href":"https:\/\/api.w.org\/{rel}","templated":true}]}}