{"id":26364,"date":"2025-08-12T14:45:14","date_gmt":"2025-08-12T14:45:14","guid":{"rendered":"https:\/\/www.europesays.com\/pt\/26364\/"},"modified":"2025-08-12T14:45:14","modified_gmt":"2025-08-12T14:45:14","slug":"sabes-quanto-custou-o-anel-de-diamante-que-o-cristiano-ronaldo-deu-a-georgina-rodriguez","status":"publish","type":"post","link":"https:\/\/www.europesays.com\/pt\/26364\/","title":{"rendered":"Sabes quanto custou o anel de diamante que o Cristiano Ronaldo deu \u00e0 Georgina Rodriguez?"},"content":{"rendered":"<p>Cristiano Ronaldo e Georgina Rodr\u00edguez est\u00e3o oficialmente noivos &#8211; e a not\u00edcia chegou com um diamante que se v\u00ea a quil\u00f3metros!\n<\/p>\n<p>&#8220;<strong>Sim, quero. Nesta e em todas as minhas vidas<\/strong>&#8220;, escreveu Georgina na publica\u00e7\u00e3o que fez no Instagram. Foi a pr\u00f3pria modelo quem revelou tudo nas redes sociais, exibindo o anel que CR7 lhe ofereceu.\n<\/p>\n<p>E, convenhamos, n\u00e3o \u00e9 um anel qualquer: segundo a revista &#8216;<a href=\"https:\/\/www.hola.com\/novias\/20250811849563\/georgina-rodriguez-anillo-compromiso-diamante-cristiano-ronaldo\/\" target=\"_blank\" rel=\"nofollow noopener\">Hola!<\/a>&#8216;, a pe\u00e7a tem um diamante oval de cerca de dois cent\u00edmetros de comprimento, entre 40 e 45 quilates, ladeado por dois diamantes triangulares.<\/p>\n<p>Desde que foi revelado, especialistas em joalharia de todo o mundo t\u00eam dado palpites sobre o tamanho, os quilates e a pureza da pe\u00e7a, segundo o site &#8216;<a href=\"https:\/\/sports.ndtv.com\/football\/cost-of-diamond-ring-that-cristiano-ronaldo-gave-to-georgina-rodriguez-revealed-9066814\" target=\"_blank\" rel=\"nofollow noopener\">NDTV Sports<\/a>&#8216;. Briony Raymond fala em 25 a 30 quilates para o diamante central, outros especialistas apontam no m\u00ednimo 15. Mas h\u00e1 um ponto em que todos concordam: \u00e9 absolutamente de luxo!<\/p>\n<p>E o valor? Estima-se que ronde os <strong>seis milh\u00f5es de euros<\/strong>, de acordo com o joalheiro I\u00f1aki Torres.\n<\/p>\n<p>O casal est\u00e1 junto desde 2016, tem dois filhos em comum, Alana Martina e Bella Esmeralda, e uma hist\u00f3ria que come\u00e7ou numa loja da Gucci em Madrid. Mas este cap\u00edtulo \u00e9, sem d\u00favida, o mais especial.\n<\/p>\n<p>A publica\u00e7\u00e3o tornou-se viral e conquistou as redes sociais, com milhares de partilhas e coment\u00e1rios vindos de todo o mundo.<\/p>\n","protected":false},"excerpt":{"rendered":"Cristiano Ronaldo e Georgina Rodr\u00edguez est\u00e3o oficialmente noivos &#8211; e a not\u00edcia chegou com um diamante que se&hellip;\n","protected":false},"author":2,"featured_media":26365,"comment_status":"","ping_status":"","sticky":false,"template":"","format":"standard","meta":{"footnotes":""},"categories":[145],"tags":[783,778,779,774,764,769,211,210,767,772,782,114,115,784,222,771,773,149,768,777,32,33,766,781,765,763,775,780,776,770],"class_list":{"0":"post-26364","1":"post","2":"type-post","3":"status-publish","4":"format-standard","5":"has-post-thumbnail","7":"category-celebridades","8":"tag-6pm","9":"tag-80s-rfm","10":"tag-80srfm","11":"tag-90s","12":"tag-bruno-mars","13":"tag-cafe-da-manha","14":"tag-celebridades","15":"tag-celebrities","16":"tag-comedia","17":"tag-dance-it","18":"tag-emissao-online","19":"tag-entertainment","20":"tag-entretenimento","21":"tag-fridayboyz","22":"tag-humor","23":"tag-jazzy","24":"tag-latinas","25":"tag-music","26":"tag-nilton","27":"tag-oceano-pacifico","28":"tag-portugal","29":"tag-pt","30":"tag-radio","31":"tag-radio-online","32":"tag-rfm","33":"tag-rock-in-rio","34":"tag-rocks","35":"tag-somnii","36":"tag-toca-portugal","37":"tag-top-25"},"share_on_mastodon":{"url":"","error":""},"_links":{"self":[{"href":"https:\/\/www.europesays.com\/pt\/wp-json\/wp\/v2\/posts\/26364","targetHints":{"allow":["GET"]}}],"collection":[{"href":"https:\/\/www.europesays.com\/pt\/wp-json\/wp\/v2\/posts"}],"about":[{"href":"https:\/\/www.europesays.com\/pt\/wp-json\/wp\/v2\/types\/post"}],"author":[{"embeddable":true,"href":"https:\/\/www.europesays.com\/pt\/wp-json\/wp\/v2\/users\/2"}],"replies":[{"embeddable":true,"href":"https:\/\/www.europesays.com\/pt\/wp-json\/wp\/v2\/comments?post=26364"}],"version-history":[{"count":0,"href":"https:\/\/www.europesays.com\/pt\/wp-json\/wp\/v2\/posts\/26364\/revisions"}],"wp:featuredmedia":[{"embeddable":true,"href":"https:\/\/www.europesays.com\/pt\/wp-json\/wp\/v2\/media\/26365"}],"wp:attachment":[{"href":"https:\/\/www.europesays.com\/pt\/wp-json\/wp\/v2\/media?parent=26364"}],"wp:term":[{"taxonomy":"category","embeddable":true,"href":"https:\/\/www.europesays.com\/pt\/wp-json\/wp\/v2\/categories?post=26364"},{"taxonomy":"post_tag","embeddable":true,"href":"https:\/\/www.europesays.com\/pt\/wp-json\/wp\/v2\/tags?post=26364"}],"curies":[{"name":"wp","href":"https:\/\/api.w.org\/{rel}","templated":true}]}}