{"id":26370,"date":"2025-08-12T14:54:08","date_gmt":"2025-08-12T14:54:08","guid":{"rendered":"https:\/\/www.europesays.com\/pt\/26370\/"},"modified":"2025-08-12T14:54:08","modified_gmt":"2025-08-12T14:54:08","slug":"microsoft-365-ganha-novas-aplicacoes-na-barra-de-tarefas-do-windows-11-software","status":"publish","type":"post","link":"https:\/\/www.europesays.com\/pt\/26370\/","title":{"rendered":"Microsoft 365 ganha novas aplica\u00e7\u00f5es na barra de tarefas do Windows 11 | Software"},"content":{"rendered":"<p>A Microsoft est\u00e1 a proceder ao lan\u00e7amento faseado de um novo conjunto de ferramentas para os utilizadores empresariais do pacote de produtividade Microsoft 365 que utilizem o sistema operativo <a href=\"https:\/\/www.publico.pt\/windows\" rel=\"nofollow noopener\" target=\"_blank\">Windows<\/a> 11. Designadas oficialmente como \u201caplica\u00e7\u00f5es de companhia\u201d, estas ferramentas s\u00e3o instaladas de forma autom\u00e1tica e ficam alojadas na barra de tarefas, tendo como principal objectivo agilizar o acesso a funcionalidades essenciais das aplica\u00e7\u00f5es Office.<\/p>\n<p>O projecto, anunciado pelo <a href=\"https:\/\/www.publico.pt\/microsoft\" rel=\"nofollow noopener\" target=\"_blank\">Microsoft<\/a> na confer\u00eancia Ignite do ano passado, esteve em fase de testes beta nos \u00faltimos meses e materializa-se agora em tr\u00eas aplica\u00e7\u00f5es distintas. A primeira, Pessoas (People), permite a consulta do organigrama da empresa, a pesquisa de qualquer contacto profissional e o in\u00edcio r\u00e1pido de uma chamada ou mensagem via Teams, bem como o envio de um email directo.<\/p>\n<p>        &#13;<br \/>\n            &#13;<br \/>\n            &#13;<br \/>\n                Pesquisar ficheiros com documentos de trabalho dever\u00e1 ser mais r\u00e1pido e f\u00e1cil &#13;<br \/>\nDR            &#13;<br \/>\n&#13;<\/p>\n<p>A segunda aplica\u00e7\u00e3o foca-se na pesquisa de ficheiros (File Search), permitindo localizar documentos alojados no OneDrive, SharePoint, Teams e Outlook atrav\u00e9s do nome, autor ou outras palavras-chave. Inclui ainda a funcionalidade de pr\u00e9-visualiza\u00e7\u00e3o de ficheiros antes da respectiva abertura, a par de diversas op\u00e7\u00f5es de partilha e filtragem.<\/p>\n<p>A terceira ferramenta \u00e9 um acesso r\u00e1pido ao Calend\u00e1rio (Calendar), que exibe os pr\u00f3ximos eventos e permite pesquisar compromissos ou entrar em reuni\u00f5es directamente a partir da barra de tarefas.<\/p>\n<p>        &#13;<\/p>\n<p>&#13;<br \/>\n                &#13;\n            <\/p>\n<p>&#13;<\/p>\n<p>A distribui\u00e7\u00e3o destas novas aplica\u00e7\u00f5es ser\u00e1 autom\u00e1tica para os computadores com Windows 11 que tenham o Microsoft 365 instalado. No entanto, foi previsto um mecanismo de controlo para o meio empresarial: os administradores de sistemas inform\u00e1ticos (TI) disp\u00f5em de ferramentas para impedir a instala\u00e7\u00e3o autom\u00e1tica no parque inform\u00e1tico das suas organiza\u00e7\u00f5es. Por seu turno, o utilizador ter\u00e1 a op\u00e7\u00e3o de impedir que estas aplica\u00e7\u00f5es arranquem automaticamente com o sistema operativo.<\/p>\n","protected":false},"excerpt":{"rendered":"A Microsoft est\u00e1 a proceder ao lan\u00e7amento faseado de um novo conjunto de ferramentas para os utilizadores empresariais&hellip;\n","protected":false},"author":2,"featured_media":26371,"comment_status":"","ping_status":"","sticky":false,"template":"","format":"standard","meta":{"footnotes":""},"categories":[84],"tags":[4292,109,107,108,246,906,9108,32,33,105,103,104,3173,106,110,2540],"class_list":{"0":"post-26370","1":"post","2":"type-post","3":"status-publish","4":"format-standard","5":"has-post-thumbnail","7":"category-ciencia-e-tecnologia","8":"tag-aplicacoes","9":"tag-ciencia","10":"tag-ciencia-e-tecnologia","11":"tag-cienciaetecnologia","12":"tag-enter","13":"tag-microsoft","14":"tag-office","15":"tag-portugal","16":"tag-pt","17":"tag-science","18":"tag-science-and-technology","19":"tag-scienceandtechnology","20":"tag-software","21":"tag-technology","22":"tag-tecnologia","23":"tag-windows"},"share_on_mastodon":{"url":"","error":""},"_links":{"self":[{"href":"https:\/\/www.europesays.com\/pt\/wp-json\/wp\/v2\/posts\/26370","targetHints":{"allow":["GET"]}}],"collection":[{"href":"https:\/\/www.europesays.com\/pt\/wp-json\/wp\/v2\/posts"}],"about":[{"href":"https:\/\/www.europesays.com\/pt\/wp-json\/wp\/v2\/types\/post"}],"author":[{"embeddable":true,"href":"https:\/\/www.europesays.com\/pt\/wp-json\/wp\/v2\/users\/2"}],"replies":[{"embeddable":true,"href":"https:\/\/www.europesays.com\/pt\/wp-json\/wp\/v2\/comments?post=26370"}],"version-history":[{"count":0,"href":"https:\/\/www.europesays.com\/pt\/wp-json\/wp\/v2\/posts\/26370\/revisions"}],"wp:featuredmedia":[{"embeddable":true,"href":"https:\/\/www.europesays.com\/pt\/wp-json\/wp\/v2\/media\/26371"}],"wp:attachment":[{"href":"https:\/\/www.europesays.com\/pt\/wp-json\/wp\/v2\/media?parent=26370"}],"wp:term":[{"taxonomy":"category","embeddable":true,"href":"https:\/\/www.europesays.com\/pt\/wp-json\/wp\/v2\/categories?post=26370"},{"taxonomy":"post_tag","embeddable":true,"href":"https:\/\/www.europesays.com\/pt\/wp-json\/wp\/v2\/tags?post=26370"}],"curies":[{"name":"wp","href":"https:\/\/api.w.org\/{rel}","templated":true}]}}