{"id":26380,"date":"2025-08-12T15:04:14","date_gmt":"2025-08-12T15:04:14","guid":{"rendered":"https:\/\/www.europesays.com\/pt\/26380\/"},"modified":"2025-08-12T15:04:14","modified_gmt":"2025-08-12T15:04:14","slug":"namorada-do-oruam-faz-homenagem-ao-cantor-e-desabafa-21-dias-sem-voce-celebridades","status":"publish","type":"post","link":"https:\/\/www.europesays.com\/pt\/26380\/","title":{"rendered":"Namorada do Oruam faz homenagem ao cantor e desabafa: &#8217;21 dias sem voc\u00ea&#8217; | Celebridades"},"content":{"rendered":"<p>Rio &#8211;\u00a0Fernanda Valen\u00e7a, namorada de Oruam, publicou nesta ter\u00e7a-feira (12) um texto nas redes sociais em homenagem ao cantor, 21 dias ap\u00f3s a pris\u00e3o dele. Mauro Davi dos Santos Nepomuceno, nome de batismo do artista, segue detido e virou r\u00e9u sob acusa\u00e7\u00e3o de tentativa de homic\u00eddio. Segundo a den\u00fancia, ele teria atirado pedras contra policiais na noite de 21 de julho. O rapper est\u00e1 no Complexo Penitenci\u00e1rio de Bangu, na Zona Oeste do Rio, em cela com presos ligados ao Comando Vermelho.<\/p>\n<p>        &#13;<br \/>\n            fotogaleria&#13;<br \/>\n            &#13;<\/p>\n<p>                                <img decoding=\"async\" width=\"1920\" alt=\"Oruam e a namorada Fernanda - Reprodu\u00e7\u00e3o \/ Instagram\" class=\"lazyload\" src=\"https:\/\/www.europesays.com\/pt\/wp-content\/uploads\/2025\/08\/saveclip_app_520550150_18512030218035179_3029094544374595765_n-36736375.jpg\"\/><\/p>\n<p>                                <img decoding=\"async\" width=\"1920\" alt=\"Oruam e a namorada Fernanda - Reprodu\u00e7\u00e3o \/ Instagram\" class=\"lazyload\" src=\"https:\/\/www.europesays.com\/pt\/wp-content\/uploads\/2025\/08\/saveclip_app_530401432_18516510859035179_8408757538170486893_n-36736386.jpg\"\/><\/p>\n<p>&#8220;21 dias sem voc\u00ea\u2026 d\u00f3i demais. Nunca fiquei tanto tempo sem te abra\u00e7ar, te beijar ou sem ouvir voc\u00ea me gritar \u2018mo\u2019 o dia todo. Saudade de fazer seu caf\u00e9 da manh\u00e3, seu suco, de arrumar sua mala pros seus shows. Saudade de quando eu levantava da cama e voc\u00ea implorava pra ficar \u2018s\u00f3 mais um pouco\u2019, fazendo com que eu atrasasse todos os meus compromissos&#8221;, escreveu Fernanda.<\/p>\n<p>No texto, ela relatou momentos da rotina com o cantor. &#8220;Saudade de entrar no banheiro e ver minhas toalhas brancas todas manchadas de vermelho do seu cabelo, meus produtos todos revirados\u2026 e, mesmo assim, achar gra\u00e7a por voc\u00ea ainda tentar arrumar. Eu te amo tanto!&#8221;, publicou.<\/p>\n<p>Fernanda tamb\u00e9m comentou sobre o in\u00edcio da carreira de Oruam. &#8220;Quando voc\u00ea decidiu cantar, eu j\u00e1 sabia que ia dar certo. Mas junto dessa certeza veio o medo\u2026 n\u00e3o por ci\u00fames, mas pelo receio de que nossa vida nunca mais fosse aquela de antes: s\u00f3 eu e voc\u00ea, no simples, sem holofotes, sem cobran\u00e7as de perfei\u00e7\u00e3o num mundo imperfeito&#8221;, afirmou.<\/p>\n<p>Ela destacou que, apesar das mudan\u00e7as, o relacionamento se manteve. &#8220;O que sempre me confortou \u00e9 que, mesmo com tudo mudando, n\u00f3s continuamos sendo o mesmo \u2018eu e voc\u00ea\u2019 de sempre. O mesmo amor, cuidado e carinho de 7 anos atr\u00e1s. Voc\u00ea sempre diz que eu sou braba e que sua for\u00e7a vem de mim\u2026 mas hoje, mais do que nunca, sei que a minha for\u00e7a vem de n\u00f3s. E sem voc\u00ea aqui, eu me sinto fraca.&#8221;<\/p>\n<p>A mensagem terminou com uma declara\u00e7\u00e3o. &#8220;Mesmo assim, sigo firme com Deus me sustentando e me colocando de p\u00e9 \u2014 por n\u00f3s, pela nossa fam\u00edlia e por todas as pessoas que a gente conquistou com amor nesses anos. Eu te amo demais, voc\u00ea \u00e9 e sempre vai ser o amor da minha vida. N\u00e3o passo um segundo sem pensar em voc\u00ea. N\u00e3o me importo com o que falem, com o que pensem\u2026 porque n\u00f3s sabemos. Eu sei. E isso \u00e9 somente o que importa.&#8221;<\/p>\n","protected":false},"excerpt":{"rendered":"Rio &#8211;\u00a0Fernanda Valen\u00e7a, namorada de Oruam, publicou nesta ter\u00e7a-feira (12) um texto nas redes sociais em homenagem ao&hellip;\n","protected":false},"author":2,"featured_media":26381,"comment_status":"","ping_status":"","sticky":false,"template":"","format":"standard","meta":{"footnotes":""},"categories":[145],"tags":[211,210,114,115,9114,997,8115,693,32,694,33,9113],"class_list":{"0":"post-26380","1":"post","2":"type-post","3":"status-publish","4":"format-standard","5":"has-post-thumbnail","7":"category-celebridades","8":"tag-celebridades","9":"tag-celebrities","10":"tag-entertainment","11":"tag-entretenimento","12":"tag-fernanda-valenca","13":"tag-homenagem","14":"tag-namorada","15":"tag-oruam","16":"tag-portugal","17":"tag-prisao","18":"tag-pt","19":"tag-rapper"},"share_on_mastodon":{"url":"","error":""},"_links":{"self":[{"href":"https:\/\/www.europesays.com\/pt\/wp-json\/wp\/v2\/posts\/26380","targetHints":{"allow":["GET"]}}],"collection":[{"href":"https:\/\/www.europesays.com\/pt\/wp-json\/wp\/v2\/posts"}],"about":[{"href":"https:\/\/www.europesays.com\/pt\/wp-json\/wp\/v2\/types\/post"}],"author":[{"embeddable":true,"href":"https:\/\/www.europesays.com\/pt\/wp-json\/wp\/v2\/users\/2"}],"replies":[{"embeddable":true,"href":"https:\/\/www.europesays.com\/pt\/wp-json\/wp\/v2\/comments?post=26380"}],"version-history":[{"count":0,"href":"https:\/\/www.europesays.com\/pt\/wp-json\/wp\/v2\/posts\/26380\/revisions"}],"wp:featuredmedia":[{"embeddable":true,"href":"https:\/\/www.europesays.com\/pt\/wp-json\/wp\/v2\/media\/26381"}],"wp:attachment":[{"href":"https:\/\/www.europesays.com\/pt\/wp-json\/wp\/v2\/media?parent=26380"}],"wp:term":[{"taxonomy":"category","embeddable":true,"href":"https:\/\/www.europesays.com\/pt\/wp-json\/wp\/v2\/categories?post=26380"},{"taxonomy":"post_tag","embeddable":true,"href":"https:\/\/www.europesays.com\/pt\/wp-json\/wp\/v2\/tags?post=26380"}],"curies":[{"name":"wp","href":"https:\/\/api.w.org\/{rel}","templated":true}]}}