{"id":26382,"date":"2025-08-12T15:07:16","date_gmt":"2025-08-12T15:07:16","guid":{"rendered":"https:\/\/www.europesays.com\/pt\/26382\/"},"modified":"2025-08-12T15:07:16","modified_gmt":"2025-08-12T15:07:16","slug":"juan-jullian-carla-faour-e-julia-spadaccini-tem-projetos-de-novelas-sendo-supervisionados-por-veteranos-na-globo","status":"publish","type":"post","link":"https:\/\/www.europesays.com\/pt\/26382\/","title":{"rendered":"Juan Jullian, Carla Faour e Julia Spadaccini t\u00eam projetos de novelas sendo supervisionados por veteranos na Globo"},"content":{"rendered":"\n<p class=\" content-text__container \" data-track-category=\"Link no Texto\" data-track-links=\"\"> As tamb\u00e9m experientes Ana Maria Moretzsohn e Gl\u00f3ria Barreto, que acabam de ser recontratadas pela emissora, t\u00eam a mesma fun\u00e7\u00e3o de Linhares e acompanham outros jovens roteiristas. Neste semestre, a dire\u00e7\u00e3o pretende voltar a promover a oficina Cria Globo, que teve edi\u00e7\u00f5es <a class=\"\" href=\"https:\/\/oglobo.globo.com\/play\/novelas\/noticia\/2023\/08\/29\/globo-promove-oficina-para-formar-novos-autores-de-novelas-das-18h.ghtml\" rel=\"nofollow noopener\" target=\"_blank\">em 2023<\/a> e <a class=\"\" href=\"https:\/\/oglobo.globo.com\/play\/novelas\/noticia\/2024\/06\/29\/globo-inicia-oficina-para-formar-autores-de-novelas-das-19h-saiba-quem-esta-participando.ghtml\" rel=\"nofollow noopener\" target=\"_blank\">em 2024<\/a>. <\/p>\n<p class=\" content-text__container \" data-track-category=\"Link no Texto\" data-track-links=\"\"> Todos os projetos ainda ser\u00e3o submetidos a mais uma etapa de avalia\u00e7\u00e3o para aprova\u00e7\u00e3o. S\u00f3 ent\u00e3o poder\u00e3o receber o sinal verde para produ\u00e7\u00e3o. <\/p>\n<p class=\" content-text__container \" data-track-category=\"Link no Texto\" data-track-links=\"\"> Juan esteve no treinamento realizado no ano passado, voltado especificamente para a faixa das 19h. Al\u00e9m dele, participaram Thais Pontes e Renata Andrade (da s\u00e9rie &#8220;Encantado&#8217;s&#8221;), Z\u00e9 Dassilva (um dos autores de &#8220;<a class=\"\" href=\"https:\/\/oglobo.globo.com\/tudo-sobre\/novela\/tres-gracas\/\" rel=\"nofollow noopener\" target=\"_blank\">Tr\u00eas Gra\u00e7as<\/a>&#8220;, pr\u00f3xima trama das 21h), Pedro Alvarenga, Renata Sofia, Michel Carvalho (colaboradores de &#8220;Dona de mim&#8221;), Tarc\u00edsio Lara Puiati, B\u00edbi Da Pieve (&#8220;<a class=\"\" href=\"https:\/\/oglobo.globo.com\/tudo-sobre\/novela\/o-tempo-nao-para\" rel=\"nofollow noopener\" target=\"_blank\">O tempo n\u00e3o para<\/a>&#8220;), Claudia Gomes (&#8220;<a class=\"\" href=\"https:\/\/oglobo.globo.com\/tudo-sobre\/novela\/deus-salve-o-rei\" rel=\"nofollow noopener\" target=\"_blank\">Deus salve o rei<\/a>&#8220;) e Let\u00edcia Mey (&#8220;<a class=\"\" href=\"https:\/\/oglobo.globo.com\/tudo-sobre\/novela\/elas-por-elas\" rel=\"nofollow noopener\" target=\"_blank\">Elas por elas<\/a>&#8220;). <\/p>\n","protected":false},"excerpt":{"rendered":"As tamb\u00e9m experientes Ana Maria Moretzsohn e Gl\u00f3ria Barreto, que acabam de ser recontratadas pela emissora, t\u00eam a&hellip;\n","protected":false},"author":2,"featured_media":26383,"comment_status":"","ping_status":"","sticky":false,"template":"","format":"standard","meta":{"footnotes":""},"categories":[142],"tags":[9121,9117,1718,9124,9118,114,115,3378,9119,3179,9125,9126,9122,9116,9120,32,33,8724,679,3185,9115,9123,4376,151,2323],"class_list":{"0":"post-26382","1":"post","2":"type-post","3":"status-publish","4":"format-standard","5":"has-post-thumbnail","7":"category-tv","8":"tag-cara-e-coragem","9":"tag-deus-salve-o-rei","10":"tag-dona-de-mim","11":"tag-duca-rachid","12":"tag-elas-por-elas","13":"tag-entertainment","14":"tag-entretenimento","15":"tag-eta-mundo-melhor","16":"tag-filhas-de-eva","17":"tag-globoplay","18":"tag-julio-fischer","19":"tag-maria-helena-nascimento","20":"tag-nos-tempos-do-imperador","21":"tag-o-tempo-nao-para","22":"tag-pega-pega","23":"tag-portugal","24":"tag-pt","25":"tag-rensga-hits","26":"tag-reportagem","27":"tag-ricardo-linhares","28":"tag-segunda-chamada","29":"tag-terra-e-paixao","30":"tag-tres-gracas","31":"tag-tv","32":"tag-tv-globo"},"share_on_mastodon":{"url":"","error":""},"_links":{"self":[{"href":"https:\/\/www.europesays.com\/pt\/wp-json\/wp\/v2\/posts\/26382","targetHints":{"allow":["GET"]}}],"collection":[{"href":"https:\/\/www.europesays.com\/pt\/wp-json\/wp\/v2\/posts"}],"about":[{"href":"https:\/\/www.europesays.com\/pt\/wp-json\/wp\/v2\/types\/post"}],"author":[{"embeddable":true,"href":"https:\/\/www.europesays.com\/pt\/wp-json\/wp\/v2\/users\/2"}],"replies":[{"embeddable":true,"href":"https:\/\/www.europesays.com\/pt\/wp-json\/wp\/v2\/comments?post=26382"}],"version-history":[{"count":0,"href":"https:\/\/www.europesays.com\/pt\/wp-json\/wp\/v2\/posts\/26382\/revisions"}],"wp:featuredmedia":[{"embeddable":true,"href":"https:\/\/www.europesays.com\/pt\/wp-json\/wp\/v2\/media\/26383"}],"wp:attachment":[{"href":"https:\/\/www.europesays.com\/pt\/wp-json\/wp\/v2\/media?parent=26382"}],"wp:term":[{"taxonomy":"category","embeddable":true,"href":"https:\/\/www.europesays.com\/pt\/wp-json\/wp\/v2\/categories?post=26382"},{"taxonomy":"post_tag","embeddable":true,"href":"https:\/\/www.europesays.com\/pt\/wp-json\/wp\/v2\/tags?post=26382"}],"curies":[{"name":"wp","href":"https:\/\/api.w.org\/{rel}","templated":true}]}}