{"id":26384,"date":"2025-08-12T15:08:12","date_gmt":"2025-08-12T15:08:12","guid":{"rendered":"https:\/\/www.europesays.com\/pt\/26384\/"},"modified":"2025-08-12T15:08:12","modified_gmt":"2025-08-12T15:08:12","slug":"radio-educadora-90-3-fm-previsao-do-tempo-para-os-proximos-5-dias-em-santa-catarina-16","status":"publish","type":"post","link":"https:\/\/www.europesays.com\/pt\/26384\/","title":{"rendered":"R\u00e1dio Educadora 90.3 FM \u00bb Previs\u00e3o do tempo para os pr\u00f3ximos 5 dias em Santa Catarina"},"content":{"rendered":"<p>                                <a href=\"\" title=\"Previs\u00e3o do tempo para os pr\u00f3ximos 5 dias em Santa Catarina\">&#13;<br \/>\n                                    <img decoding=\"async\" src=\"https:\/\/www.europesays.com\/pt\/wp-content\/uploads\/2025\/08\/1755011288_839_whatsapp-image-2024-07-11-at-17-35-22.jpeg\" title=\"Previs\u00e3o do tempo para os pr\u00f3ximos 5 dias em Santa Catarina\" alt=\"Previs\u00e3o do tempo para os pr\u00f3ximos 5 dias em Santa Catarina\"\/>&#13;<br \/>\n                                <\/a><\/p>\n<p class=\"has-text-align-center\" style=\"text-align: center;\" data-raofz=\"16\"><strong>Elaborado em:<\/strong>\u00a012\/08\/2025 \u00e0s 05:00 \u2013 N\u00b0 224\/2025<\/p>\n<p style=\"text-align: center;\" data-raofz=\"16\">\u00a0<\/p>\n<p class=\"has-text-align-center\" style=\"text-align: center;\" data-raofz=\"16\"><strong>Meteorologista:\u00a0<\/strong>Francine Sacco<\/p>\n<p style=\"text-align: center;\" data-raofz=\"16\">\u00a0<\/p>\n<p class=\"has-text-align-center\" style=\"text-align: center;\" data-raofz=\"16\"><strong>TER\u00c7A-FEIRA (12)<\/strong><\/p>\n<p data-raofz=\"16\">\u00a0<\/p>\n<p data-raofz=\"16\">A\u00a0<strong>ter\u00e7a-feira (12)<\/strong>\u00a0come\u00e7a com mais nuvens e nevoeiros no Litoral e \u00e1reas pr\u00f3ximas, que dissipam no decorrer da manh\u00e3 dando lugar ao predom\u00ednio do sol, condi\u00e7\u00e3o essa observada desde o amanhecer nas demais regi\u00f5es do estado. Nas primeiras horas da manh\u00e3 ainda faz frio, mas \u00e0 tarde as temperaturas ficam mais agrad\u00e1veis, com as m\u00e1ximas oscilando em torno de 20\u00b0C em todas as regi\u00f5es e superando este valor no Grande Oeste e Litoral.\u00a0\u00a0<strong>O risco \u00e9 moderado para ocorr\u00eancias associadas a desconforto t\u00e9rmico, agravamento de doen\u00e7as cardiorrespirat\u00f3rias e hipotermia, nos extremos do dia.<\/strong>\u00a0<\/p>\n<p data-raofz=\"16\">\u00a0<\/p>\n<p><img decoding=\"async\" loading=\"lazy\" class=\"wp-image-9869 aligncenter\" src=\"https:\/\/www.europesays.com\/pt\/wp-content\/uploads\/2025\/08\/Captura-de-tela-2025-08-12-010330-1024x696.png\"   alt=\"\" width=\"556\" height=\"378\"\/><\/p>\n<p data-raofz=\"16\">\u00a0<\/p>\n<p class=\"has-text-align-center\" style=\"text-align: center;\" data-raofz=\"16\"><strong>QUARTA-FEIRA (13)<\/strong><\/p>\n<p data-raofz=\"16\">\u00a0<\/p>\n<p data-raofz=\"16\">Na\u00a0<strong>quarta-feira (13),\u00a0<\/strong>o tempo permanece est\u00e1vel e com predom\u00ednio de sol, mesmo que o dia comece com forma\u00e7\u00e3o de nevoeiros, que dissipam no decorrer da manh\u00e3.\u00a0 As temperaturas m\u00ednimas variam entre 7 e 10\u00b0C na maioria das regi\u00f5es, com exce\u00e7\u00e3o do Litoral onde oscilam entre 9 e 13\u00b0C e dos Planaltos que ainda apresentam valores pr\u00f3ximos a 0\u00b0C, com condi\u00e7\u00f5es favor\u00e1veis para forma\u00e7\u00e3o de geada. \u00c0 tarde as m\u00e1ximas ficam em torno de 20\u00b0C em boa parte do estado e se aproximam dos 25\u00b0C no Litoral.\u00a0<strong>O risco \u00e9 baixo a moderado para ocorr\u00eancias associadas a desconforto t\u00e9rmico, agravamento de doen\u00e7as cardiorrespirat\u00f3rias e hipotermia, nos extremos do dia.<\/strong>\u00a0<\/p>\n<p data-raofz=\"16\">\u00a0<\/p>\n<p><img decoding=\"async\" loading=\"lazy\" class=\"wp-image-9870 aligncenter\" src=\"https:\/\/www.europesays.com\/pt\/wp-content\/uploads\/2025\/08\/Captura-de-tela-2025-08-12-010340-1024x702.png\"   alt=\"\" width=\"554\" height=\"380\"\/><\/p>\n<p data-raofz=\"16\">\u00a0<\/p>\n<p class=\"has-text-align-center\" style=\"text-align: center;\" data-raofz=\"16\"><strong>QUINTA-FEIRA (14)<\/strong><\/p>\n<p data-raofz=\"16\">\u00a0<\/p>\n<p data-raofz=\"16\">Na\u00a0<strong>quinta-feira (14),\u00a0<\/strong>o tempo se modifica com a passagem de uma frente pelo mar, que mant\u00e9m a presen\u00e7a de mais nuvens, sobretudo entre o centro e leste do estado. Por isso, n\u00e3o se descarta a ocorr\u00eancia de chuva fraca e isolada no Litoral e \u00e1reas pr\u00f3ximas, mas\u00a0<strong>sem risco para ocorr\u00eancias associadas.<\/strong>\u00a0As temperaturas m\u00ednimas variam entre 5 e 10\u00b0C em praticamente todo o estado, com exce\u00e7\u00e3o do Litoral onde oscilam entre 9 e 13\u00b0C. \u00c0 tarde as m\u00e1ximas voltam a ficar abaixo de 20\u00b0C em toda SC, por causa da maior cobertura de nuvens e da virada do vento para o quadrante sul.\u00a0<\/p>\n<p data-raofz=\"16\">\u00a0<\/p>\n<p><img decoding=\"async\" loading=\"lazy\" class=\"wp-image-9871 aligncenter\" src=\"https:\/\/www.europesays.com\/pt\/wp-content\/uploads\/2025\/08\/Captura-de-tela-2025-08-12-010356-1024x699.png\"   alt=\"\" width=\"552\" height=\"377\"\/><\/p>\n<p data-raofz=\"16\">\u00a0<\/p>\n<p class=\"has-text-align-center\" style=\"text-align: center;\" data-raofz=\"16\"><strong>TEND\u00caNCIA PARA OS PR\u00d3XIMOS DIAS<\/strong><\/p>\n<p data-raofz=\"16\">\u00a0<\/p>\n<p data-raofz=\"16\">Na\u00a0<strong>sexta-feira (15) e no s\u00e1bado (16)<\/strong>, uma nova massa de ar seco e frio passa a influenciar o tempo no Sul do Brasil. Em SC, tempo est\u00e1vel em todas as regi\u00f5es, permanecendo somente o Litoral com mais nuvens.<\/p>\n<p data-raofz=\"16\">\u00a0<\/p>\n<p><img decoding=\"async\" loading=\"lazy\" class=\"wp-image-7834 aligncenter\" src=\"https:\/\/www.europesays.com\/pt\/wp-content\/uploads\/2025\/07\/image-26.png\"   alt=\"\" width=\"557\" height=\"130\"\/><\/p>\n<p style=\"text-align: center;\">\u00a0<\/p>\n<p>                Fonte: Secretaria de Estado de Prote\u00e7\u00e3o e Defesa Civil                <\/p>\n","protected":false},"excerpt":{"rendered":"&#13; &#13; Elaborado em:\u00a012\/08\/2025 \u00e0s 05:00 \u2013 N\u00b0 224\/2025 \u00a0 Meteorologista:\u00a0Francine Sacco \u00a0 TER\u00c7A-FEIRA (12) \u00a0 A\u00a0ter\u00e7a-feira (12)\u00a0come\u00e7a&hellip;\n","protected":false},"author":2,"featured_media":473,"comment_status":"","ping_status":"","sticky":false,"template":"","format":"standard","meta":{"footnotes":""},"categories":[141],"tags":[114,115,149,150,32,33],"class_list":{"0":"post-26384","1":"post","2":"type-post","3":"status-publish","4":"format-standard","5":"has-post-thumbnail","7":"category-musica","8":"tag-entertainment","9":"tag-entretenimento","10":"tag-music","11":"tag-musica","12":"tag-portugal","13":"tag-pt"},"share_on_mastodon":{"url":"","error":""},"_links":{"self":[{"href":"https:\/\/www.europesays.com\/pt\/wp-json\/wp\/v2\/posts\/26384","targetHints":{"allow":["GET"]}}],"collection":[{"href":"https:\/\/www.europesays.com\/pt\/wp-json\/wp\/v2\/posts"}],"about":[{"href":"https:\/\/www.europesays.com\/pt\/wp-json\/wp\/v2\/types\/post"}],"author":[{"embeddable":true,"href":"https:\/\/www.europesays.com\/pt\/wp-json\/wp\/v2\/users\/2"}],"replies":[{"embeddable":true,"href":"https:\/\/www.europesays.com\/pt\/wp-json\/wp\/v2\/comments?post=26384"}],"version-history":[{"count":0,"href":"https:\/\/www.europesays.com\/pt\/wp-json\/wp\/v2\/posts\/26384\/revisions"}],"wp:featuredmedia":[{"embeddable":true,"href":"https:\/\/www.europesays.com\/pt\/wp-json\/wp\/v2\/media\/473"}],"wp:attachment":[{"href":"https:\/\/www.europesays.com\/pt\/wp-json\/wp\/v2\/media?parent=26384"}],"wp:term":[{"taxonomy":"category","embeddable":true,"href":"https:\/\/www.europesays.com\/pt\/wp-json\/wp\/v2\/categories?post=26384"},{"taxonomy":"post_tag","embeddable":true,"href":"https:\/\/www.europesays.com\/pt\/wp-json\/wp\/v2\/tags?post=26384"}],"curies":[{"name":"wp","href":"https:\/\/api.w.org\/{rel}","templated":true}]}}