{"id":264001,"date":"2026-02-10T05:33:11","date_gmt":"2026-02-10T05:33:11","guid":{"rendered":"https:\/\/www.europesays.com\/pt\/264001\/"},"modified":"2026-02-10T05:33:11","modified_gmt":"2026-02-10T05:33:11","slug":"viagem-a-las-vegas-ja-da-que-falar-ines-gama-expoe-falha-de-dylan-fonte-primeira-companhia","status":"publish","type":"post","link":"https:\/\/www.europesays.com\/pt\/264001\/","title":{"rendered":"Viagem a Las Vegas j\u00e1 d\u00e1 que falar. In\u00eas Gama exp\u00f5e &#8220;falha&#8221; de Dylan Fonte &#8211; Primeira Companhia"},"content":{"rendered":"<p data-end=\"1936\" data-start=\"1616\"><strong>Dylan Fonte<\/strong>\u00a0e\u00a0<strong>In\u00eas Gama<\/strong>, ex-concorrentes do\u00a0<a href=\"https:\/\/tvi.iol.pt\/secretstory\/\" target=\"_blank\" wbo-id=\"54\" rel=\"nofollow noopener\"><strong>Secret Story 9<\/strong><\/a>, est\u00e3o a aproveitar ao m\u00e1ximo umas f\u00e9rias de sonho em Las Vegas, nos Estados Unidos. A viagem, que est\u00e1 a ser amplamente partilhada nas redes sociais, tem um significado especial, uma vez que foi oferecida a Dylan ainda durante a sua participa\u00e7\u00e3o no reality show da TVI.<\/p>\n<p data-end=\"2236\" data-start=\"1938\">O pr\u00e9mio foi conquistado numa prova durante uma gala e acabou por ganhar um novo rumo quando, em pleno direto, Dylan convidou In\u00eas para o acompanhar. Na altura, os dois ainda n\u00e3o tinham iniciado uma rela\u00e7\u00e3o e In\u00eas mantinha um namoro c\u00e1 fora, que viria a terminar em direto, dias depois.<\/p>\n<p data-end=\"2557\" data-start=\"2238\">Agora, longe das c\u00e2maras da casa mais vigiada do pa\u00eds, Dylan e In\u00eas mostram-se c\u00famplices e felizes, partilhando momentos de divers\u00e3o, luxo e romance na cidade que nunca dorme. Entre passeios, experi\u00eancias exclusivas e noites animadas, o casal tem conquistado os f\u00e3s, que acompanham tudo atrav\u00e9s do Instagram.<\/p>\n<p data-end=\"2716\" data-start=\"2559\">Os ex-concorrentes n\u00e3o param de publicar detalhes da viagem e recentemente partilharam um v\u00eddeo, que contem ironia, em que In\u00eas se queixa do look de Dylan.\u00a0<\/p>\n<p data-end=\"2716\" data-start=\"2559\"><strong>Veja o momento:<\/strong><\/p>\n","protected":false},"excerpt":{"rendered":"Dylan Fonte\u00a0e\u00a0In\u00eas Gama, ex-concorrentes do\u00a0Secret Story 9, est\u00e3o a aproveitar ao m\u00e1ximo umas f\u00e9rias de sonho em Las&hellip;\n","protected":false},"author":2,"featured_media":264002,"comment_status":"","ping_status":"","sticky":false,"template":"","format":"standard","meta":{"footnotes":"","_share_on_mastodon":"0"},"categories":[142],"tags":[2642,41536,1651,19105,114,115,18705,25393,28733,32,33,151,41535],"class_list":["post-264001","post","type-post","status-publish","format-standard","has-post-thumbnail","category-tv","tag-amor","tag-bastidores-da-recruta","tag-casal","tag-dylan","tag-entertainment","tag-entretenimento","tag-entrevistas-concorrentes-tvi","tag-ines-gama","tag-paixao","tag-portugal","tag-pt","tag-tv","tag-vida-fora-da-base"],"share_on_mastodon":{"url":"https:\/\/pubeurope.com\/@pt\/116044706733828555","error":""},"_links":{"self":[{"href":"https:\/\/www.europesays.com\/pt\/wp-json\/wp\/v2\/posts\/264001","targetHints":{"allow":["GET"]}}],"collection":[{"href":"https:\/\/www.europesays.com\/pt\/wp-json\/wp\/v2\/posts"}],"about":[{"href":"https:\/\/www.europesays.com\/pt\/wp-json\/wp\/v2\/types\/post"}],"author":[{"embeddable":true,"href":"https:\/\/www.europesays.com\/pt\/wp-json\/wp\/v2\/users\/2"}],"replies":[{"embeddable":true,"href":"https:\/\/www.europesays.com\/pt\/wp-json\/wp\/v2\/comments?post=264001"}],"version-history":[{"count":0,"href":"https:\/\/www.europesays.com\/pt\/wp-json\/wp\/v2\/posts\/264001\/revisions"}],"wp:featuredmedia":[{"embeddable":true,"href":"https:\/\/www.europesays.com\/pt\/wp-json\/wp\/v2\/media\/264002"}],"wp:attachment":[{"href":"https:\/\/www.europesays.com\/pt\/wp-json\/wp\/v2\/media?parent=264001"}],"wp:term":[{"taxonomy":"category","embeddable":true,"href":"https:\/\/www.europesays.com\/pt\/wp-json\/wp\/v2\/categories?post=264001"},{"taxonomy":"post_tag","embeddable":true,"href":"https:\/\/www.europesays.com\/pt\/wp-json\/wp\/v2\/tags?post=264001"}],"curies":[{"name":"wp","href":"https:\/\/api.w.org\/{rel}","templated":true}]}}