{"id":264007,"date":"2026-02-10T05:44:07","date_gmt":"2026-02-10T05:44:07","guid":{"rendered":"https:\/\/www.europesays.com\/pt\/264007\/"},"modified":"2026-02-10T05:44:07","modified_gmt":"2026-02-10T05:44:07","slug":"com-fortuna-milionaria-musa-do-carnaval-encara-reforma-de-luxo-em-mansao-e-disputa-por-espaco","status":"publish","type":"post","link":"https:\/\/www.europesays.com\/pt\/264007\/","title":{"rendered":"Com fortuna milion\u00e1ria, musa do Carnaval encara reforma de luxo em mans\u00e3o e &#8216;disputa&#8217; por espa\u00e7o"},"content":{"rendered":"<p>Falta pouco para a fam\u00edlia se mudar, mas a rotina na reta final da obra tem sido intensa. Enquanto se divide entre os preparativos para ser musa do Carnaval e a gesta\u00e7\u00e3o de seis meses do segundo filho, famosa influenciadora digital tem compartilhado com seus seguidores os bastidores da constru\u00e7\u00e3o de sua nova mans\u00e3o. O im\u00f3vel de luxo promete impressionar com detalhes arquitet\u00f4nicos modernos, incluindo uma \u00e1rea de hidromassagem e uma piscina de vidro com borda infinita. No entanto, o que realmente chamou a aten\u00e7\u00e3o nas redes sociais foi um detalhe na \u00e1rea \u00edntima do casal.<\/p>\n<p>Durante uma visita \u00e0 obra, a filha pequena da empres\u00e1ria notou uma diferen\u00e7a grande entre os espa\u00e7os dos pais. O futuro closet do marido conta com um janel\u00e3o de vidro que ocupa quase toda a parede, garantindo luz natural e amplitude. J\u00e1 o lado da esposa, curiosamente, n\u00e3o possui a mesma vista. A menina logo questionou o motivo de o pai ter uma janela e a m\u00e3e n\u00e3o. A resposta da influenciadora para a filha foi uma li\u00e7\u00e3o sobre prioridades, explicando que abriu m\u00e3o da vista por um motivo t\u00e9cnico espec\u00edfico.<\/p>\n<p>Nas redes sociais, ela compartilhou a explica\u00e7\u00e3o que deu \u00e0 pequena: \u201cExpliquei que precisamos escolher nossas batalhas. Que prefiro a briga pela ac\u00fastica da casa\u201d, contou.<\/p>\n<p> Quem \u00e9 a dona da mans\u00e3o? <\/p>\n<p>A respons\u00e1vel por essa gest\u00e3o de obra e carreira \u00e9 <a href=\"https:\/\/caras.com.br\/tags\/lore-improta\" rel=\"nofollow noopener\" target=\"_blank\"><strong>Lore Improta<\/strong><\/a>. Casada com o cantor <a href=\"https:\/\/caras.com.br\/tags\/leo-santana\" rel=\"nofollow noopener\" target=\"_blank\"><strong>L\u00e9o Santana<\/strong><\/a>, a dan\u00e7arina vive um momento de plenitude pessoal e profissional. Mas, para ela, deixar claro que suas conquistas s\u00e3o fruto do pr\u00f3prio trabalho \u00e9 essencial. Lore faz quest\u00e3o de refor\u00e7ar que a mans\u00e3o e o estilo de vida que leva hoje n\u00e3o dependem exclusivamente da fortuna do marido.<\/p>\n<p>\t <img loading=\"lazy\" decoding=\"async\" class=\"size-large wp-image-1059701 img-fluid lazy\" alt=\"\" width=\"800\" height=\"450\" src=\"https:\/\/www.europesays.com\/pt\/wp-content\/uploads\/2026\/02\/Leo-Santana-diz-sentir-sintomas-de-gravidez-entenda-a-sindrome-de-couvade-800x450.jpg\"  \/>L\u00e9o Santana e Lorena Improta \u2013 Reprodu\u00e7\u00e3o: Instagram Independ\u00eancia financeira acima de tudo <\/p>\n<p>Recentemente, em uma conversa franca no podcast \u2018Na Palma da Mari\u2019, da CNN, Lore abriu o jogo sobre como funciona a din\u00e2mica financeira em casa. Mesmo casada com um dos maiores cantores do pa\u00eds, ela mant\u00e9m sua autonomia e seus pr\u00f3prios neg\u00f3cios. A dan\u00e7arina explicou que os r\u00f3tulos de \u201cesposa de famoso\u201d a incomodam, pois diminuem sua trajet\u00f3ria de esfor\u00e7o.<\/p>\n<p>\u201cEu busquei por isso, e muitas pessoas acham que eu dependo do dinheiro do meu marido. Isso me incomoda\u201d, desabafou.<\/p>\n<p>Ela refor\u00e7ou que o casal se completa, mas que as contas e os sonhos individuais s\u00e3o bancados com o suor de cada um. Para Lore, ter o pr\u00f3prio dinheiro \u00e9 sin\u00f4nimo de liberdade e respeito dentro da rela\u00e7\u00e3o.<\/p>\n<p><strong>Leia tamb\u00e9m<\/strong>: <a href=\"https:\/\/caras.com.br\/bebe\/lore-improta-expoe-dificuldade-que-esta-tendo-na-gestacao-tento.phtml\" rel=\"nofollow noopener\" target=\"_blank\">Lore Improta exp\u00f5e dificuldade que est\u00e1 tendo na gesta\u00e7\u00e3o: \u2018Tento\u2019<\/a><\/p>\n<p>\u201cEu saio para trabalhar, eu tenho os meus m\u00e9ritos, eu tenho os meus projetos, eu tenho os meus anseios, eu tenho o meu foco, o meu objetivo, eu tenho a minha grana, entendeu?\u201d, afirmou.<\/p>\n<p>Lore acredita que aceitar o papel de dependente seria limitar seu potencial: \u201cSe voc\u00ea deixa as pessoas te rotularem, fica muito f\u00e1cil voc\u00ea entrar naquele quadradinho ali e falar: \u2018\u00c9, realmente eu sou isso a\u00ed mesmo\u2019. N\u00e3o, eu n\u00e3o sou isso n\u00e3o. Eu sou muito mais do que isso\u201d, garantiu.<\/p>\n<p> O in\u00edcio dif\u00edcil em S\u00e3o Paulo <\/p>\n<p>Quem v\u00ea a piscina de vidro sendo constru\u00edda hoje pode n\u00e3o imaginar os perrengues que Lore passou no in\u00edcio da carreira. Aos 22 anos, quando venceu um concurso para ser bailarina do Doming\u00e3o do Faust\u00e3o, ela trocou Salvador por S\u00e3o Paulo em busca de um sonho. Mas a realidade na capital paulista foi dura. O sal\u00e1rio da televis\u00e3o, que muitos imaginavam ser alto, n\u00e3o cobria os custos de vida na cidade grande.<\/p>\n<p>Em entrevista \u00e0 CNN Brasil, ela relembrou essa fase de aperto financeiro. \u201cEu comecei a surfar nessa onda da internet, mas n\u00e3o ganhava dinheiro. Logo em seguida teve o concurso do Faust\u00e3o, ganhei, fui crescendo o n\u00famero de seguidores, [s\u00f3 que] o sal\u00e1rio do Fausto n\u00e3o me sustentava em S\u00e3o Paulo, precisava buscar outra maneira de ganhar dinheiro\u201d, explicou.<\/p>\n<p> A virada de chave na internet <\/p>\n<p>A solu\u00e7\u00e3o veio atrav\u00e9s das redes sociais, onde ela j\u00e1 come\u00e7ava a acumular f\u00e3s, mas ainda n\u00e3o sabia como monetizar. Lore <a href=\"https:\/\/caras.com.br\/tv\/lore-improta-relembra-salario-como-bailarina-do-faustao-nao-me-sustentava.phtml\" rel=\"nofollow noopener\" target=\"_blank\">contou que precisou morar de favor<\/a> e aceitar permutas simples para sobreviver.<\/p>\n<p>\u201cComecei a cobrar R$ 50 para fazer um post, \u00e0s vezes fazia parceria e ganhava roupa porque eu n\u00e3o tinha uma vida est\u00e1vel financeiramente falando. Estava passando por uma \u00e9poca muito dif\u00edcil com a minha fam\u00edlia, morei em S\u00e3o Paulo de favor, n\u00e3o tinha dinheiro para me manter aqui\u201d, recordou.<\/p>\n<p>Com persist\u00eancia, ela transformou sua presen\u00e7a online em um neg\u00f3cio rent\u00e1vel, o que permitiu que ela pagasse suas contas sem depender de ningu\u00e9m.<\/p>\n<p>\u201cComecei a fazer uma grana na internet, sa\u00ed do Fit [Dance], criei o show da Lore, e ali, comecei a ter equil\u00edbrio financeiro maior. Ganhava R$ 1.500, R$ 2.000 por show, juntava com meu cach\u00ea do Fausto, e a\u00ed consegui pagar o aluguel em S\u00e3o Paulo\u201d, relatou.<\/p>\n<p><strong>CONFIRA PUBLICA\u00c7\u00c3O RECENTE DA CARAS BRASIL NAS\u00a0<a href=\"https:\/\/www.instagram.com\/carasbrasil\/\" rel=\"nofollow noopener\" target=\"_blank\">REDES SOCIAIS:<\/a><\/strong><\/p>\n<blockquote class=\"instagram-media\" style=\"background: #FFF; border: 0; border-radius: 3px; box-shadow: 0 0 1px 0 rgba(0,0,0,0.5),0 1px 10px 0 rgba(0,0,0,0.15); margin: 1px; max-width: 540px; min-width: 326px; padding: 0; width: calc(100% - 2px);\" data-instgrm-captioned=\"\" data-instgrm-permalink=\"https:\/\/www.instagram.com\/reel\/DTv0EyGjsar\/?utm_source=ig_embed&amp;utm_campaign=loading\" data-instgrm-version=\"14\"><\/blockquote>\n<p>\t                                            <script async src=\"\/\/www.instagram.com\/embed.js\"><\/script><\/p>\n","protected":false},"excerpt":{"rendered":"Falta pouco para a fam\u00edlia se mudar, mas a rotina na reta final da obra tem sido intensa.&hellip;\n","protected":false},"author":2,"featured_media":264008,"comment_status":"","ping_status":"","sticky":false,"template":"","format":"standard","meta":{"footnotes":"","_share_on_mastodon":"0"},"categories":[145],"tags":[211,210,114,115,11500,11499,32,33],"class_list":["post-264007","post","type-post","status-publish","format-standard","has-post-thumbnail","category-celebridades","tag-celebridades","tag-celebrities","tag-entertainment","tag-entretenimento","tag-leo-santana","tag-lore-improta","tag-portugal","tag-pt"],"share_on_mastodon":{"url":"https:\/\/pubeurope.com\/@pt\/116044750038104193","error":""},"_links":{"self":[{"href":"https:\/\/www.europesays.com\/pt\/wp-json\/wp\/v2\/posts\/264007","targetHints":{"allow":["GET"]}}],"collection":[{"href":"https:\/\/www.europesays.com\/pt\/wp-json\/wp\/v2\/posts"}],"about":[{"href":"https:\/\/www.europesays.com\/pt\/wp-json\/wp\/v2\/types\/post"}],"author":[{"embeddable":true,"href":"https:\/\/www.europesays.com\/pt\/wp-json\/wp\/v2\/users\/2"}],"replies":[{"embeddable":true,"href":"https:\/\/www.europesays.com\/pt\/wp-json\/wp\/v2\/comments?post=264007"}],"version-history":[{"count":0,"href":"https:\/\/www.europesays.com\/pt\/wp-json\/wp\/v2\/posts\/264007\/revisions"}],"wp:featuredmedia":[{"embeddable":true,"href":"https:\/\/www.europesays.com\/pt\/wp-json\/wp\/v2\/media\/264008"}],"wp:attachment":[{"href":"https:\/\/www.europesays.com\/pt\/wp-json\/wp\/v2\/media?parent=264007"}],"wp:term":[{"taxonomy":"category","embeddable":true,"href":"https:\/\/www.europesays.com\/pt\/wp-json\/wp\/v2\/categories?post=264007"},{"taxonomy":"post_tag","embeddable":true,"href":"https:\/\/www.europesays.com\/pt\/wp-json\/wp\/v2\/tags?post=264007"}],"curies":[{"name":"wp","href":"https:\/\/api.w.org\/{rel}","templated":true}]}}