{"id":26406,"date":"2025-08-12T15:39:12","date_gmt":"2025-08-12T15:39:12","guid":{"rendered":"https:\/\/www.europesays.com\/pt\/26406\/"},"modified":"2025-08-12T15:39:12","modified_gmt":"2025-08-12T15:39:12","slug":"textil-de-famalicao-fecha-portas-e-atira-20-trabalhadores-para-o-desemprego","status":"publish","type":"post","link":"https:\/\/www.europesays.com\/pt\/26406\/","title":{"rendered":"T\u00eaxtil de Famalic\u00e3o fecha portas e atira 20 trabalhadores para o desemprego"},"content":{"rendered":"<p>A empresa t\u00eaxtil PAMTEX, sediada na freguesia de Caval\u00f5es, em Famalic\u00e3o, vai fechar portas, atirando os cerca de 20 trabalhadores para o desemprego.<\/p>\n<p>Segundo a r\u00e1dio <a href=\"https:\/\/cidadehoje.sapo.pt\/famalicao-textil-nao-paga-salarios-e-20-trabalhadores-estao-a-caminho-do-desemprego\/?feed_id=253524&amp;_unique_id=689a51c2ad842&amp;fbclid=IwY2xjawMH0J1leHRuA2FlbQIxMQABHtcPqz99QJrM1tb7xefq-a9E5rqdV9aErZpZllTZfpJGOsacwGPwh3CzWQ_7_aem_B_vs6w1cbK4hb-fCLpLshQ#google_vignette\" rel=\"noopener nofollow\" target=\"_blank\">Cidade Hoje<\/a>, a empresa comunicou aos funcion\u00e1rios n\u00e3o conseguiu pagar o sal\u00e1rio referente ao m\u00eas de julho, devido a dificuldades financeiras.<\/p>\n<p>Sem rendimentos, os profissionais solicitaram a suspens\u00e3o dos contratos de trabalho, de forma a garantir todos os seus direitos.<\/p>\n<p>De acordo com a mesma fonte, numa reuni\u00e3o com os trabalhadores, a administra\u00e7\u00e3o informou que a f\u00e1brica n\u00e3o voltar\u00e1 a abrir portas, mas compromete-se a liquidar o vencimento em atraso, assim que as condi\u00e7\u00f5es financeiras o permitam e a cooperar em todo o processo relacionado com o fim dos contratos de trabalho.<\/p>\n","protected":false},"excerpt":{"rendered":"A empresa t\u00eaxtil PAMTEX, sediada na freguesia de Caval\u00f5es, em Famalic\u00e3o, vai fechar portas, atirando os cerca de&hellip;\n","protected":false},"author":2,"featured_media":26407,"comment_status":"","ping_status":"","sticky":false,"template":"","format":"standard","meta":{"footnotes":""},"categories":[83],"tags":[88,89,90,32,33],"class_list":{"0":"post-26406","1":"post","2":"type-post","3":"status-publish","4":"format-standard","5":"has-post-thumbnail","7":"category-empresas","8":"tag-business","9":"tag-economy","10":"tag-empresas","11":"tag-portugal","12":"tag-pt"},"share_on_mastodon":{"url":"","error":""},"_links":{"self":[{"href":"https:\/\/www.europesays.com\/pt\/wp-json\/wp\/v2\/posts\/26406","targetHints":{"allow":["GET"]}}],"collection":[{"href":"https:\/\/www.europesays.com\/pt\/wp-json\/wp\/v2\/posts"}],"about":[{"href":"https:\/\/www.europesays.com\/pt\/wp-json\/wp\/v2\/types\/post"}],"author":[{"embeddable":true,"href":"https:\/\/www.europesays.com\/pt\/wp-json\/wp\/v2\/users\/2"}],"replies":[{"embeddable":true,"href":"https:\/\/www.europesays.com\/pt\/wp-json\/wp\/v2\/comments?post=26406"}],"version-history":[{"count":0,"href":"https:\/\/www.europesays.com\/pt\/wp-json\/wp\/v2\/posts\/26406\/revisions"}],"wp:featuredmedia":[{"embeddable":true,"href":"https:\/\/www.europesays.com\/pt\/wp-json\/wp\/v2\/media\/26407"}],"wp:attachment":[{"href":"https:\/\/www.europesays.com\/pt\/wp-json\/wp\/v2\/media?parent=26406"}],"wp:term":[{"taxonomy":"category","embeddable":true,"href":"https:\/\/www.europesays.com\/pt\/wp-json\/wp\/v2\/categories?post=26406"},{"taxonomy":"post_tag","embeddable":true,"href":"https:\/\/www.europesays.com\/pt\/wp-json\/wp\/v2\/tags?post=26406"}],"curies":[{"name":"wp","href":"https:\/\/api.w.org\/{rel}","templated":true}]}}