{"id":264183,"date":"2026-02-10T09:43:17","date_gmt":"2026-02-10T09:43:17","guid":{"rendered":"https:\/\/www.europesays.com\/pt\/264183\/"},"modified":"2026-02-10T09:43:17","modified_gmt":"2026-02-10T09:43:17","slug":"video-depay-escorrega-no-penalti-abel-e-expulso-e-palmeiras-vence","status":"publish","type":"post","link":"https:\/\/www.europesays.com\/pt\/264183\/","title":{"rendered":"V\u00cdDEO: Depay escorrega no pen\u00e1lti, Abel \u00e9 expulso e Palmeiras vence"},"content":{"rendered":"<p>O Palmeiras, treinado pelo portugu\u00eas Abel Ferreira, venceu na visita ao Corinthians na noite de domingo, por 1-0, em jogo a contar para a s\u00e9tima jornada do Campeonato Paulista.<\/p>\n<p>Foi um jogo cheio de diversas incid\u00eancias e que qualificou o \u00abVerd\u00e3o\u00bb para os quartos de final, numa noite em que Abel foi expulso.<\/p>\n<p>Na primeira parte, aos 38 minutos, o Corinthians teve uma excelente ocasi\u00e3o para marcar, mas Memphis Depay escorregou na marca\u00e7\u00e3o de um pen\u00e1lti e atirou para fora. Antes do lance, por\u00e9m, foi poss\u00edvel ver Andreas Pereira a cavar a marca do pen\u00e1lti, no lance que marcou a primeira parte do jogo.<\/p>\n<p>Na segunda parte, o Palmeiras chegou \u00e0 vit\u00f3ria com um contra-ataque concretizado por Flaco L\u00f3pez, aos 84 minutos. Nos festejos do golo houve confus\u00e3o, j\u00e1 que Flaco L\u00f3pez chutou a bandeirola de canto com o s\u00edmbolo do Corinthians, gesto que revoltou jogadores e adeptos da equipa da casa. A confus\u00e3o passou pela revis\u00e3o do VAR, mas apenas houve um cart\u00e3o amarelo mostrado ao autor do golo, pela forma como comemorou.<\/p>\n<p><strong>Pen\u00e1lti, expuls\u00e3o e golo &#8211; o resumo do jogo:<\/strong><\/p>\n<p>Pouco antes do golo, Abel foi expulso, aos 80 minutos, pelo \u00e1rbitro Raphael Claus, por protestos de faltas n\u00e3o assinaladas para o Palmeiras.<\/p>\n<p>Com a vit\u00f3ria, o Palmeiras soma 15 pontos e est\u00e1 no segundo lugar, tendo assegurado uma vaga nos quartos de final. O Corinthians \u00e9 quinto classificado, com 11 pontos, ainda sem apuramento garantido.<\/p>\n","protected":false},"excerpt":{"rendered":"O Palmeiras, treinado pelo portugu\u00eas Abel Ferreira, venceu na visita ao Corinthians na noite de domingo, por 1-0,&hellip;\n","protected":false},"author":2,"featured_media":264184,"comment_status":"","ping_status":"","sticky":false,"template":"","format":"standard","meta":{"footnotes":"","_share_on_mastodon":"0"},"categories":[8],"tags":[3506,726,27,28,7184,15,16,14,82,25,26,21,22,46,12,13,19,20,1621,19073,32,23,24,33,47,17,18,29,30,31],"class_list":["post-264183","post","type-post","status-publish","format-standard","has-post-thumbnail","category-principais-noticias","tag-abel-ferreira","tag-brasil","tag-breaking-news","tag-breakingnews","tag-corinthians","tag-featured-news","tag-featurednews","tag-headlines","tag-internacional","tag-latest-news","tag-latestnews","tag-main-news","tag-mainnews","tag-maisfutebol","tag-news","tag-noticias","tag-noticias-principais","tag-noticiasprincipais","tag-palmeiras","tag-paulista","tag-portugal","tag-principais-noticias","tag-principaisnoticias","tag-pt","tag-pura-paixao","tag-top-stories","tag-topstories","tag-ultimas","tag-ultimas-noticias","tag-ultimasnoticias"],"share_on_mastodon":{"url":"https:\/\/pubeurope.com\/@pt\/116045689879706999","error":""},"_links":{"self":[{"href":"https:\/\/www.europesays.com\/pt\/wp-json\/wp\/v2\/posts\/264183","targetHints":{"allow":["GET"]}}],"collection":[{"href":"https:\/\/www.europesays.com\/pt\/wp-json\/wp\/v2\/posts"}],"about":[{"href":"https:\/\/www.europesays.com\/pt\/wp-json\/wp\/v2\/types\/post"}],"author":[{"embeddable":true,"href":"https:\/\/www.europesays.com\/pt\/wp-json\/wp\/v2\/users\/2"}],"replies":[{"embeddable":true,"href":"https:\/\/www.europesays.com\/pt\/wp-json\/wp\/v2\/comments?post=264183"}],"version-history":[{"count":0,"href":"https:\/\/www.europesays.com\/pt\/wp-json\/wp\/v2\/posts\/264183\/revisions"}],"wp:featuredmedia":[{"embeddable":true,"href":"https:\/\/www.europesays.com\/pt\/wp-json\/wp\/v2\/media\/264184"}],"wp:attachment":[{"href":"https:\/\/www.europesays.com\/pt\/wp-json\/wp\/v2\/media?parent=264183"}],"wp:term":[{"taxonomy":"category","embeddable":true,"href":"https:\/\/www.europesays.com\/pt\/wp-json\/wp\/v2\/categories?post=264183"},{"taxonomy":"post_tag","embeddable":true,"href":"https:\/\/www.europesays.com\/pt\/wp-json\/wp\/v2\/tags?post=264183"}],"curies":[{"name":"wp","href":"https:\/\/api.w.org\/{rel}","templated":true}]}}