{"id":264618,"date":"2026-02-10T17:50:15","date_gmt":"2026-02-10T17:50:15","guid":{"rendered":"https:\/\/www.europesays.com\/pt\/264618\/"},"modified":"2026-02-10T17:50:15","modified_gmt":"2026-02-10T17:50:15","slug":"mau-tempo-torna-car-de-canoagem-em-montemor-o-velho-inoperacional-canoagem","status":"publish","type":"post","link":"https:\/\/www.europesays.com\/pt\/264618\/","title":{"rendered":"Mau tempo torna CAR de canoagem, em Montemor-o-Velho, inoperacional | Canoagem"},"content":{"rendered":"<p>O Centro de Alto Rendimento (CAR) de Montemor-o-Velho est\u00e1 submerso e inoperacional devido \u00e0s cheias que t\u00eam assolado Portugal, obrigando a Federa\u00e7\u00e3o Portuguesa de <a href=\"https:\/\/www.publico.pt\/canoagem\" rel=\"nofollow noopener\" target=\"_blank\">Canoagem<\/a> (FPC) a deslocar os trabalhos de diversas selec\u00e7\u00f5es.<\/p>\n<p>&#8220;Neste momento aquilo parece um mar. O CAR \u00e9 praticamente uma ilha, sendo vis\u00edvel apenas o edif\u00edcio principal, que ainda permanece fora de \u00e1gua&#8221;, o CAR est\u00e1 fechado e inundado h\u00e1 v\u00e1rios dias e a situa\u00e7\u00e3o n\u00e3o tem melhorado. Pelo contr\u00e1rio, dia ap\u00f3s dia o n\u00edvel da \u00e1gua tem subido&#8221;, revelou \u00e0 Lusa o presidente da FPC.<\/p>\n<p>Ricardo Machado confirmou a anula\u00e7\u00e3o de alguns est\u00e1gios e a desloca\u00e7\u00e3o de outros das equipas nacionais para Avis e para Terras do Bouro, na barragem da Cani\u00e7ada, afectando a prepara\u00e7\u00e3o de cerca de 30 cano\u00edstas.<\/p>\n<p>O mau tempo fez subir consideravelmente o n\u00edvel das \u00e1guas do Rio Mondego e deixou praticamente todo o complexo submerso, destacando-se a torre de controlo, que n\u00e3o escapou aos estragos, sobretudo no r\u00e9s-do-ch\u00e3o, com todos os vidros partidos.<\/p>\n<p>O l\u00edder federativo ainda n\u00e3o consegue avaliar os danos na infra-estrutura sob a responsabilidade do Munic\u00edpio de Montemor-o-Velho, salientando que a FPC decidiu, preventivamente, retirar grande parte do seu material e deslocar os est\u00e1gios das selec\u00e7\u00f5es para outros locais.<\/p>\n<p>&#8220;Toda a zona do piso zero da torre est\u00e1 j\u00e1 submersa, assim como os hangares e as estradas de acesso. A via central encontra-se completamente debaixo de \u00e1gua, com um n\u00edvel significativo&#8221;, lamentou, ciente de que a chuva prevista para os pr\u00f3ximos dias pode &#8220;agravar ainda mais&#8221; a situa\u00e7\u00e3o, colocando em risco outras \u00e1reas do completo como gin\u00e1sios, balne\u00e1rios e zonas de apoio.<\/p>\n<p>O dirigente admitiu que &#8220;nesta fase, ainda n\u00e3o \u00e9 poss\u00edvel fazer uma avalia\u00e7\u00e3o rigorosa dos preju\u00edzos&#8221;, deseja que &#8220;as piores previs\u00f5es n\u00e3o se concretizem&#8221; e assumiu j\u00e1 alguns &#8220;danos significativos&#8221;.<\/p>\n<p>&#8220;A barreira de vento foi completamente destru\u00edda, com cerca de 40 postes danificados, e a torre sofreu estragos, nomeadamente com vidros partidos. Se a \u00e1gua permanecer durante muito tempo nas \u00e1reas t\u00e9cnicas, equipamentos como bombas, jacuzzis e banheiras de hidromassagem poder\u00e3o ficar seriamente danificados&#8221;, alertou.<\/p>\n<p>O CAR de Montemor-o-Velho vai acolher o Campeonato da Europa de canoagem de velocidade, entre 10 e 14 de Junho, que conta para o apuramento ol\u00edmpico para Los Angeles 2026.<\/p>\n<p>&#8220;Esperamos que, at\u00e9 l\u00e1, a situa\u00e7\u00e3o esteja resolvida e que, com o apoio necess\u00e1rio, o munic\u00edpio consiga reparar os estragos. Esta zona tem sido muito afectada por intemp\u00e9ries nos \u00faltimos anos, mas acreditamos que haver\u00e1 um esfor\u00e7o para garantir as condi\u00e7\u00f5es exigidas por uma prova desta dimens\u00e3o&#8221;, rematou.<\/p>\n","protected":false},"excerpt":{"rendered":"O Centro de Alto Rendimento (CAR) de Montemor-o-Velho est\u00e1 submerso e inoperacional devido \u00e0s cheias que t\u00eam assolado&hellip;\n","protected":false},"author":2,"featured_media":264619,"comment_status":"","ping_status":"","sticky":false,"template":"","format":"standard","meta":{"footnotes":"","_share_on_mastodon":"0"},"categories":[87],"tags":[8491,135,8532,40752,1867,32,33,47561,134],"class_list":["post-264618","post","type-post","status-publish","format-standard","has-post-thumbnail","category-desporto","tag-canoagem","tag-desporto","tag-mau-tempo","tag-montemor-o-velho","tag-outras-modalidades","tag-portugal","tag-pt","tag-rio-mondego","tag-sports"],"share_on_mastodon":{"url":"https:\/\/pubeurope.com\/@pt\/116047604748889977","error":""},"_links":{"self":[{"href":"https:\/\/www.europesays.com\/pt\/wp-json\/wp\/v2\/posts\/264618","targetHints":{"allow":["GET"]}}],"collection":[{"href":"https:\/\/www.europesays.com\/pt\/wp-json\/wp\/v2\/posts"}],"about":[{"href":"https:\/\/www.europesays.com\/pt\/wp-json\/wp\/v2\/types\/post"}],"author":[{"embeddable":true,"href":"https:\/\/www.europesays.com\/pt\/wp-json\/wp\/v2\/users\/2"}],"replies":[{"embeddable":true,"href":"https:\/\/www.europesays.com\/pt\/wp-json\/wp\/v2\/comments?post=264618"}],"version-history":[{"count":0,"href":"https:\/\/www.europesays.com\/pt\/wp-json\/wp\/v2\/posts\/264618\/revisions"}],"wp:featuredmedia":[{"embeddable":true,"href":"https:\/\/www.europesays.com\/pt\/wp-json\/wp\/v2\/media\/264619"}],"wp:attachment":[{"href":"https:\/\/www.europesays.com\/pt\/wp-json\/wp\/v2\/media?parent=264618"}],"wp:term":[{"taxonomy":"category","embeddable":true,"href":"https:\/\/www.europesays.com\/pt\/wp-json\/wp\/v2\/categories?post=264618"},{"taxonomy":"post_tag","embeddable":true,"href":"https:\/\/www.europesays.com\/pt\/wp-json\/wp\/v2\/tags?post=264618"}],"curies":[{"name":"wp","href":"https:\/\/api.w.org\/{rel}","templated":true}]}}