{"id":264641,"date":"2026-02-10T18:25:09","date_gmt":"2026-02-10T18:25:09","guid":{"rendered":"https:\/\/www.europesays.com\/pt\/264641\/"},"modified":"2026-02-10T18:25:09","modified_gmt":"2026-02-10T18:25:09","slug":"pai-de-suspeito-de-crimes-sexuais-com-menores-baleou-inspetores-da-pj-para-travar-detencao","status":"publish","type":"post","link":"https:\/\/www.europesays.com\/pt\/264641\/","title":{"rendered":"Pai de suspeito de crimes sexuais com menores baleou inspetores da PJ para travar deten\u00e7\u00e3o"},"content":{"rendered":"<p data-remotead-prev-elm=\"true\" data-remotead-elm-id=\"inread\">O caso ocorreu pelas 7 horas, quando uma equipa da PJ de Braga procurava executar um mandado de deten\u00e7\u00e3o, no \u00e2mbito, explica a pr\u00f3pria Judici\u00e1ria, &#8220;de uma opera\u00e7\u00e3o policial que inclui a realiza\u00e7\u00e3o de dez buscas domicili\u00e1rias nos concelhos do Porto, Matosinhos, Vila Nova de Famalic\u00e3o, Fafe, Arouca, Alij\u00f3, Aveiro e Paredes, e que investiga a pr\u00e1tica de atos sexuais com adolescentes, recurso \u00e0 prostitui\u00e7\u00e3o de menores, pornografia de menores e aliciamento de menores para fins sexuais&#8221;.<\/p>\n<p data-remotead-prev-elm=\"true\" data-remotead-elm-id=\"inread2\">No decurso da busca, o alvo do mandado de deten\u00e7\u00e3o resistiu e n\u00e3o facilitou a entrada, &#8220;pela porta principal da moradia&#8221;. Foi ent\u00e3o, que &#8220;um primeiro inspetor da PJ acabou por aceder ao interior da mesma [habita\u00e7\u00e3o] por uma porta traseira&#8221;. &#8220;Nesse preciso momento, foi surpreendido pelo alvo principal da respetiva dilig\u00eancia, um homem, com 43 anos, com o qual se envolveu f\u00edsica e violentamente&#8221;, descreve um comunicado da PJ.<\/p>\n<p>Com o suspeito e inspetor agarrados, &#8220;e quando um segundo inspetor se desloca ao local&#8221;, o pai do alvo, de 77 anos, &#8220;realizou dois disparos na dire\u00e7\u00e3o&#8221; de um dos elementos da PJ. A bala atingiu-o &#8220;superficialmente na zona da cabe\u00e7a&#8221;.<\/p>\n<p>Ap\u00f3s o disparo, o alvo do mandado de deten\u00e7\u00e3o conseguiu &#8220;alguma liberdade de movimentos e tenta apoderar-se da arma do seu pai&#8221; para balear os inspetores. &#8220;Nesse preciso momento, e j\u00e1 com um dos inspetores a dominar fisicamente o septuagen\u00e1rio, \u00e9 efetuado um terceiro disparo&#8221;, que atinge o pol\u00edcia &#8220;superficialmente na zona do ombro&#8221;.<\/p>\n<p data-remotead-prev-elm=\"true\" data-remotead-elm-id=\"centro1\">Mesmo feridos e sem disparar as armas de servi\u00e7o, os inspetores da PJ dominaram pai e filho e avan\u00e7aram para a deten\u00e7\u00e3o de ambos, pelos crimes &#8220;de coa\u00e7\u00e3o e resist\u00eancia a funcion\u00e1rio e homic\u00eddios na forma tentada&#8221;.<\/p>\n<p>J\u00e1 com os familiares sob cust\u00f3dia, os inspetores &#8220;receberam os primeiros socorros no pr\u00f3prio local, atrav\u00e9s de uma equipa do INEM&#8221;, e, depois, &#8220;foram conduzidos ao Hospital de Penafiel, livres de perigo de vida&#8221;.<\/p>\n","protected":false},"excerpt":{"rendered":"O caso ocorreu pelas 7 horas, quando uma equipa da PJ de Braga procurava executar um mandado de&hellip;\n","protected":false},"author":2,"featured_media":264642,"comment_status":"","ping_status":"","sticky":false,"template":"","format":"standard","meta":{"footnotes":"","_share_on_mastodon":"0"},"categories":[8],"tags":[33262,27,28,2619,15,16,14,48913,603,25,26,21,22,12,13,19,20,38700,4107,32,23,24,33,17,18,29,30,31],"class_list":["post-264641","post","type-post","status-publish","format-standard","has-post-thumbnail","category-principais-noticias","tag-baleados","tag-breaking-news","tag-breakingnews","tag-detidos","tag-featured-news","tag-featurednews","tag-headlines","tag-inspetores","tag-justica","tag-latest-news","tag-latestnews","tag-main-news","tag-mainnews","tag-news","tag-noticias","tag-noticias-principais","tag-noticiasprincipais","tag-pai-e-filho","tag-pj","tag-portugal","tag-principais-noticias","tag-principaisnoticias","tag-pt","tag-top-stories","tag-topstories","tag-ultimas","tag-ultimas-noticias","tag-ultimasnoticias"],"share_on_mastodon":{"url":"https:\/\/pubeurope.com\/@pt\/116047742517558136","error":""},"_links":{"self":[{"href":"https:\/\/www.europesays.com\/pt\/wp-json\/wp\/v2\/posts\/264641","targetHints":{"allow":["GET"]}}],"collection":[{"href":"https:\/\/www.europesays.com\/pt\/wp-json\/wp\/v2\/posts"}],"about":[{"href":"https:\/\/www.europesays.com\/pt\/wp-json\/wp\/v2\/types\/post"}],"author":[{"embeddable":true,"href":"https:\/\/www.europesays.com\/pt\/wp-json\/wp\/v2\/users\/2"}],"replies":[{"embeddable":true,"href":"https:\/\/www.europesays.com\/pt\/wp-json\/wp\/v2\/comments?post=264641"}],"version-history":[{"count":0,"href":"https:\/\/www.europesays.com\/pt\/wp-json\/wp\/v2\/posts\/264641\/revisions"}],"wp:featuredmedia":[{"embeddable":true,"href":"https:\/\/www.europesays.com\/pt\/wp-json\/wp\/v2\/media\/264642"}],"wp:attachment":[{"href":"https:\/\/www.europesays.com\/pt\/wp-json\/wp\/v2\/media?parent=264641"}],"wp:term":[{"taxonomy":"category","embeddable":true,"href":"https:\/\/www.europesays.com\/pt\/wp-json\/wp\/v2\/categories?post=264641"},{"taxonomy":"post_tag","embeddable":true,"href":"https:\/\/www.europesays.com\/pt\/wp-json\/wp\/v2\/tags?post=264641"}],"curies":[{"name":"wp","href":"https:\/\/api.w.org\/{rel}","templated":true}]}}