{"id":26479,"date":"2025-08-12T16:38:13","date_gmt":"2025-08-12T16:38:13","guid":{"rendered":"https:\/\/www.europesays.com\/pt\/26479\/"},"modified":"2025-08-12T16:38:13","modified_gmt":"2025-08-12T16:38:13","slug":"paredes-de-coura-as-escolhas-do-ipsilon-numa-playlist-festival-de-paredes-de-coura","status":"publish","type":"post","link":"https:\/\/www.europesays.com\/pt\/26479\/","title":{"rendered":"Paredes de Coura: as escolhas do \u00cdpsilon numa playlist | Festival de Paredes de Coura"},"content":{"rendered":"<p>Vamos ver as estrelas com os Air, assim a meteorologia ajude, ou cantarolar Messy, \u00eaxito no TikTok e mais al\u00e9m? Ou antes dan\u00e7ar furiosamente\/gingar docemente com os Vampire Weekend, Franz Ferdinand, Mk.gee e outras gl\u00f3rias indie, velhas, novas ou assim-assim? Ou as suas prefer\u00eancias v\u00e3o para as artes da melancolia e, ent\u00e3o, o melhor \u00e9 dedicar-se a gente como MJ Lenderman e Sharon Van Etten? O festival Paredes de Coura come\u00e7a esta quarta-feira e termina no s\u00e1bado.\u200b O \u00cdpsilon seleccionou 20 temas dos artistas em cartaz em jeito de roteiro.<\/p>\n<p>        &#13;<br \/>\n            &#13;<\/p>\n","protected":false},"excerpt":{"rendered":"Vamos ver as estrelas com os Air, assim a meteorologia ajude, ou cantarolar Messy, \u00eaxito no TikTok e&hellip;\n","protected":false},"author":2,"featured_media":26480,"comment_status":"","ping_status":"","sticky":false,"template":"","format":"standard","meta":{"footnotes":""},"categories":[85],"tags":[995,1413,114,115,9168,9166,150,32,33,291,9167],"class_list":{"0":"post-26479","1":"post","2":"type-post","3":"status-publish","4":"format-standard","5":"has-post-thumbnail","7":"category-entretenimento","8":"tag-abre-conteudo","9":"tag-cultura-ipsilon","10":"tag-entertainment","11":"tag-entretenimento","12":"tag-festivais-de-verao","13":"tag-festival-de-paredes-de-coura","14":"tag-musica","15":"tag-portugal","16":"tag-pt","17":"tag-relaxar","18":"tag-vodafone-paredes-de-coura"},"share_on_mastodon":{"url":"","error":""},"_links":{"self":[{"href":"https:\/\/www.europesays.com\/pt\/wp-json\/wp\/v2\/posts\/26479","targetHints":{"allow":["GET"]}}],"collection":[{"href":"https:\/\/www.europesays.com\/pt\/wp-json\/wp\/v2\/posts"}],"about":[{"href":"https:\/\/www.europesays.com\/pt\/wp-json\/wp\/v2\/types\/post"}],"author":[{"embeddable":true,"href":"https:\/\/www.europesays.com\/pt\/wp-json\/wp\/v2\/users\/2"}],"replies":[{"embeddable":true,"href":"https:\/\/www.europesays.com\/pt\/wp-json\/wp\/v2\/comments?post=26479"}],"version-history":[{"count":0,"href":"https:\/\/www.europesays.com\/pt\/wp-json\/wp\/v2\/posts\/26479\/revisions"}],"wp:featuredmedia":[{"embeddable":true,"href":"https:\/\/www.europesays.com\/pt\/wp-json\/wp\/v2\/media\/26480"}],"wp:attachment":[{"href":"https:\/\/www.europesays.com\/pt\/wp-json\/wp\/v2\/media?parent=26479"}],"wp:term":[{"taxonomy":"category","embeddable":true,"href":"https:\/\/www.europesays.com\/pt\/wp-json\/wp\/v2\/categories?post=26479"},{"taxonomy":"post_tag","embeddable":true,"href":"https:\/\/www.europesays.com\/pt\/wp-json\/wp\/v2\/tags?post=26479"}],"curies":[{"name":"wp","href":"https:\/\/api.w.org\/{rel}","templated":true}]}}