{"id":26493,"date":"2025-08-12T16:47:26","date_gmt":"2025-08-12T16:47:26","guid":{"rendered":"https:\/\/www.europesays.com\/pt\/26493\/"},"modified":"2025-08-12T16:47:26","modified_gmt":"2025-08-12T16:47:26","slug":"jaques-sofre-ataque-e-leva-seis-tiros-saiba-de-quem","status":"publish","type":"post","link":"https:\/\/www.europesays.com\/pt\/26493\/","title":{"rendered":"Jaques sofre ataque e leva seis tiros; saiba de quem"},"content":{"rendered":"<p>Nos pr\u00f3ximos cap\u00edtulos de Dona de Mim, T\u00e2nia (Aline Borges) invade o escrit\u00f3rio de Jaques (Marcello Novaes) e dispara seis tiros, s\u00f3 que as balas ser\u00e3o de festim. Abandonada pelo vil\u00e3o, a dondoca vai travar uma batalha pelo poder dentro da Boaz.<\/p>\n<p>H\u00e1 muito tempo que o casal n\u00e3o \u00e9 fiel um ao outro. <a href=\"https:\/\/natelinha.uol.com.br\/novelas\/2025\/07\/12\/dona-de-mim-tania-invade-o-escritorio-de-jaques-e-atira-228497.php\" rel=\"nofollow noopener\" target=\"_blank\">Enquanto a vil\u00e3 mantinha um caso com Ricardo<\/a> (Marcos Pasquim), o m\u00fasico teve um affair com a irm\u00e3 do advogado, al\u00e9m de dar em cima de Filipa (Cl\u00e1udia Abreu).<\/p>\n<p><a href=\"https:\/\/natelinha.uol.com.br\/novelas\/2025\/07\/30\/dona-de-mim-jaques-faz-revelacao-chocante-sobre-abel-amo-meu-irmao-229201.php\" rel=\"nofollow noopener\" target=\"_blank\">Com a morte de Abel <\/a>(Tony Ramos), <a href=\"https:\/\/natelinha.uol.com.br\/novelas\/dona-de-mim\/personagem\/jaques\" rel=\"nofollow noopener\" target=\"_blank\">Jaques<\/a> assume a presid\u00eancia da Boaz. O empres\u00e1rio flagra <a href=\"https:\/\/natelinha.uol.com.br\/novelas\/dona-de-mim\/personagem\/tania\" rel=\"nofollow noopener\" target=\"_blank\">T\u00e2nia<\/a> e o irm\u00e3o de Patr\u00edcia () aos beijos e demite os dois, mas ser\u00e1 chantageado e obrigado a voltar atr\u00e1s.<\/p>\n<p>continua depois da publicidade<\/p>\n<p>Por\u00e9m, o cr\u00e1pula termina o casamento e se muda para a mans\u00e3o. Depois de acusar Filipa de ser o piv\u00f4 da sua separa\u00e7\u00e3o, a dondoca invade a sala do ex-marido e d\u00e1 seis disparos, s\u00f3 que as balas ser\u00e3o de festim. Saiba mais!<\/p>\n<p>Em Dona de Mim, Jaques fica nas m\u00e3os de Ricardo e T\u00e2nia<\/p>\n<p><img loading=\"lazy\" decoding=\"async\" class=\"horizontal\" src=\"https:\/\/www.europesays.com\/pt\/wp-content\/uploads\/2025\/08\/tv-globo-dona-de-mim-tania-ameaca-jaques_4328.jpeg\" width=\"1280\" height=\"719\" alt=\"Dona de Mim: Jaques sofre ataque e leva seis tiros; saiba de quem\"\/><\/p>\n<p>Nos pr\u00f3ximos cap\u00edtulos de <a href=\"https:\/\/natelinha.uol.com.br\/novelas\/dona-de-mim\" rel=\"nofollow noopener\" target=\"_blank\">Dona de Mim<\/a>, Jaques flagra T\u00e2nia e Ricardo aos beijos e demite os dois da Boaz, mas ser\u00e1 obrigado a voltar atr\u00e1s depois que o advogado mostrar o v\u00eddeo do vil\u00e3o sabotando o carro de Abel.<\/p>\n<p>Depois da morte do empres\u00e1rio, seu irm\u00e3o assumiu a presid\u00eancia da f\u00e1brica e quitou a d\u00edvida que o falecido fez com o banco, dinheiro de empres\u00e1rio\u00a0que seria usado para pagar pela guarda de Sofia (Elis Cabral).<\/p>\n<p>continua depois da publicidade<\/p>\n<p><a href=\"https:\/\/natelinha.uol.com.br\/novelas\/2025\/08\/08\/dona-de-mim-tania-entrega-a-cabeca-de-jaques-aos-boaz-229594.php\" rel=\"nofollow noopener\" target=\"_blank\">+\u00a0Dona de Mim: T\u00e2nia entrega a cabe\u00e7a de Jaques aos Boaz<\/a><\/p>\n<p>Humilhado pela mulher e o advogado, Jaques coloca um fim em seu casamento e se muda para mans\u00e3o dos Boaz. Indignada, a vil\u00e3 vai at\u00e9 l\u00e1 exigir explica\u00e7\u00f5es e acusa Filipa de acabar com o seu casamento.<\/p>\n<p>A partir da\u00ed, T\u00e2nia assume uma postura vingativa sobre o ex-marido. Para provar que n\u00e3o est\u00e1 de brincadeira, ela invade a sala da presid\u00eancia e dispara seis tiros no m\u00fasico.<\/p>\n<p>As balas ser\u00e3o de festim, mas a a atitude da vil\u00e3 deixar\u00e1 claro que ela n\u00e3o est\u00e1 de brincadeira. Depois do susto, a dondoca d\u00e1 uma gargalhada e sai como se nada tivesse acontecido.<\/p>\n<p>continua depois da publicidade<\/p>\n<p>Com sede de vingan\u00e7a, a ex-nora de Rosa (Suely Franco) \u00e9 quem d\u00e1 uma pista para Samuel (Juan Paiva) provar que o tio estava roubando a Boaz.<\/p>\n<p><a href=\"https:\/\/natelinha.uol.com.br\/novelas\/2025\/08\/07\/dona-de-mim-jaques-se-muda-pra-mansao-e-expulsa-sofia-229533.php\" rel=\"nofollow noopener\" target=\"_blank\">+\u00a0Dona de Mim: Jaques se muda pra mans\u00e3o e expulsa Sofia<\/a><\/p>\n<p>Com a ajuda da &#8220;tia&#8221;, o irm\u00e3o de Davi (Rafael Vitti) encontra nas coisas do pai um extrato de banco comprovando o desvio de dinheiro feito pelo vil\u00e3o.<\/p>\n<p>Amea\u00e7ado de morte e de ir preso, Jaques ainda se envolve em uma disputa de poder dentro da f\u00e1brica de lingerie. Al\u00e9m da ex-mulher e de Ricardo, Danilo (Felipe Simas) sabe que foi o m\u00fasico quem matou o irm\u00e3o e ganha um cargo na empresa em troca da sua cumplicidade e fidelidade.<\/p>\n<p>continua depois da publicidade<\/p>\n<p>A hist\u00f3ria come\u00e7a a se desenrolar em breve na novela das sete da Globo.<\/p>\n<p><strong>Confira os resumos da semana das outras novelas:\u00a0<\/strong><\/p>\n<p>O\u00a0<strong>NaTelinha<\/strong>\u00a0divulga todos os dias os\u00a0<a href=\"https:\/\/natelinha.uol.com.br\/novelas\" rel=\"nofollow noopener\" target=\"_blank\"><strong>resumos dos cap\u00edtulos<\/strong><\/a>, detalhes dos personagens, entrevistas exclusivas com o elenco e spoiler da novela Dona de Mim.\u00a0<\/p>\n<p><strong>Assista ao\u00a0v\u00eddeo de abertura da novela das sete:\u00a0\u00a0<\/strong><\/p>\n<p>                                <img decoding=\"async\" alt=\"Imagem da thumbnail do v\u00eddeo\" src=\"https:\/\/www.europesays.com\/pt\/wp-content\/uploads\/2025\/07\/hqdefault.jpg\" class=\"play-video\"\/><\/p>\n","protected":false},"excerpt":{"rendered":"Nos pr\u00f3ximos cap\u00edtulos de Dona de Mim, T\u00e2nia (Aline Borges) invade o escrit\u00f3rio de Jaques (Marcello Novaes) e&hellip;\n","protected":false},"author":2,"featured_media":26494,"comment_status":"","ping_status":"","sticky":false,"template":"","format":"standard","meta":{"footnotes":""},"categories":[142],"tags":[1718,114,115,4904,32,33,9170,151],"class_list":{"0":"post-26493","1":"post","2":"type-post","3":"status-publish","4":"format-standard","5":"has-post-thumbnail","7":"category-tv","8":"tag-dona-de-mim","9":"tag-entertainment","10":"tag-entretenimento","11":"tag-jaques-dona-de-mim","12":"tag-portugal","13":"tag-pt","14":"tag-tania-dona-de-mim","15":"tag-tv"},"share_on_mastodon":{"url":"","error":""},"_links":{"self":[{"href":"https:\/\/www.europesays.com\/pt\/wp-json\/wp\/v2\/posts\/26493","targetHints":{"allow":["GET"]}}],"collection":[{"href":"https:\/\/www.europesays.com\/pt\/wp-json\/wp\/v2\/posts"}],"about":[{"href":"https:\/\/www.europesays.com\/pt\/wp-json\/wp\/v2\/types\/post"}],"author":[{"embeddable":true,"href":"https:\/\/www.europesays.com\/pt\/wp-json\/wp\/v2\/users\/2"}],"replies":[{"embeddable":true,"href":"https:\/\/www.europesays.com\/pt\/wp-json\/wp\/v2\/comments?post=26493"}],"version-history":[{"count":0,"href":"https:\/\/www.europesays.com\/pt\/wp-json\/wp\/v2\/posts\/26493\/revisions"}],"wp:featuredmedia":[{"embeddable":true,"href":"https:\/\/www.europesays.com\/pt\/wp-json\/wp\/v2\/media\/26494"}],"wp:attachment":[{"href":"https:\/\/www.europesays.com\/pt\/wp-json\/wp\/v2\/media?parent=26493"}],"wp:term":[{"taxonomy":"category","embeddable":true,"href":"https:\/\/www.europesays.com\/pt\/wp-json\/wp\/v2\/categories?post=26493"},{"taxonomy":"post_tag","embeddable":true,"href":"https:\/\/www.europesays.com\/pt\/wp-json\/wp\/v2\/tags?post=26493"}],"curies":[{"name":"wp","href":"https:\/\/api.w.org\/{rel}","templated":true}]}}