{"id":26506,"date":"2025-08-12T16:55:08","date_gmt":"2025-08-12T16:55:08","guid":{"rendered":"https:\/\/www.europesays.com\/pt\/26506\/"},"modified":"2025-08-12T16:55:08","modified_gmt":"2025-08-12T16:55:08","slug":"russia-avanca-no-leste-da-ucrania-antes-de-reuniao-com-trump-observador","status":"publish","type":"post","link":"https:\/\/www.europesays.com\/pt\/26506\/","title":{"rendered":"R\u00fassia avan\u00e7a no leste da Ucr\u00e2nia antes de reuni\u00e3o com Trump \u2013 Observador"},"content":{"rendered":"<p>Acompanhe o nosso<a href=\"https:\/\/observador.pt\/liveblogs\/putin-nao-e-confiavel-nem-um-pouco-alerta-starmer\/\" rel=\"nofollow noopener\" target=\"_blank\"> liveblog sobre a guerra na Ucr\u00e2nia.<\/a><\/p>\n<p>As tropas russas avan\u00e7aram rapidamente num setor estrat\u00e9gico da linha da frente no leste da Ucr\u00e2nia, admitiu esta ter\u00e7a-feira o ex\u00e9rcito ucraniano, alguns dias antes das conversa\u00e7\u00f5es de paz entre os Estados Unidos e a R\u00fassia.<\/p>\n<p>O Presidente ucraniano, Volodymyr Zelensky, disse nas redes sociais que <strong>a R\u00fassia n\u00e3o se estava a preparar para \u201cacabar com a guerra\u201d<\/strong>, mas para novas ofensivas na Ucr\u00e2nia.<\/p>\n<p>Os presidentes russo, Vladimir Putin, e norte-americano, Donald Trump, v\u00e3o reunir-se na sexta-feira, no Alasca, para discutir a guerra na Ucr\u00e2nia, em princ\u00edpio sem a participa\u00e7\u00e3o de Zelensky.<\/p>\n<p>O Estado-Maior do ex\u00e9rcito ucraniano declarou esta ter\u00e7a-feira que estavam a decorrer combates em Kutcheriv Iar, uma pequena localidade que at\u00e9 h\u00e1 algumas semanas estava a v\u00e1rios quil\u00f3metros da linha da frente.<\/p>\n<p>Reconheceu, assim, o avan\u00e7o das tropas russas na zona, segundo a ag\u00eancia de not\u00edcias France-Presse (AFP).<\/p>\n<p>Este avan\u00e7o teve lugar a nordeste de Pokrovsk, uma cidade mineira e epicentro dos combates, na regi\u00e3o oriental de Donetsk, cuja anexa\u00e7\u00e3o \u00e9 reivindicada por Moscovo.<\/p>\n<p>Num s\u00f3 dia, a R\u00fassia avan\u00e7ou cerca de 10 quil\u00f3metros para norte, ao longo de uma estrada, segundo o site de an\u00e1lise militar DeepState, pr\u00f3ximo do ex\u00e9rcito ucraniano, um ritmo muito mais r\u00e1pido do que o habitual.<\/p>\n<p>Um mapa da frente, publicado pelo DeepState, mostra um estreito corredor agora sob controlo russo, que amea\u00e7a a cidade de Dobropillia.<\/p>\n<p>A cidade situa-se a 94 quil\u00f3metros a noroeste de Donetsk, ocupada pela R\u00fassia, e a cerca de 22 quil\u00f3metros a norte da cidade de Pokrovsk, segundo o jornal The Kiyv Independent.<\/p>\n<p>O grupo operacional t\u00e1tico de Donetsk, que est\u00e1 a combater na zona, afirmou esta ter\u00e7a-feira nas redes sociais que estava \u201cempenhado numa exaustiva luta defensiva\u201d contra for\u00e7as russas \u201cmuito superiores\u201d.<\/p>\n<p>Segundo o grupo, a situa\u00e7\u00e3o, descrita como \u201ccomplexa, desagrad\u00e1vel e din\u00e2mica\u201d, deve-se \u00e0 infiltra\u00e7\u00e3o de tropas russas entre as linhas defensivas ucranianas.<\/p>\n<p>A an\u00e1lise foi partilhada pelo Instituto Americano para o Estudo da Guerra (ISW), que considerou, no entanto, ser prematuro descrever os avan\u00e7os russos como um \u201cavan\u00e7o operacional\u201d e que os pr\u00f3ximos dias ser\u00e3o \u201cprovavelmente cruciais\u201d.<\/p>\n<p>O bloguista militar ucraniano Sternenko escreveu que o avan\u00e7o russo tinha permitido \u00e0s tropas de Moscovo apoderarem-se de partes de uma estrada que liga as principais cidades da regi\u00e3o.<\/p>\n<p>O jornal digital russo Gazeta.ru, citando fontes ucranianas, disse hoje tratar-se da estrada que conduz \u00e0 cidade de Kramatorsk, o principal reduto do ex\u00e9rcito ucraniano na regi\u00e3o de Donetsk, segundo a ag\u00eancia de not\u00edcias espanhola EFE.<\/p>\n<p>O ISW comparou a penetra\u00e7\u00e3o t\u00e1tica \u00e0 que permitiu um grande avan\u00e7o russo em abril de 2024, ap\u00f3s a tomada da cidade de Avdiivka, \u00e0 custa de uma longa e sangrenta batalha.<\/p>\n<p>A pol\u00edcia ucraniana anunciou que tr\u00eas pessoas morreram e 13 ficaram feridas hoje em ataques russos com bombas e foguetes na mesma regi\u00e3o.<\/p>\n<p>A Ucr\u00e2nia teme que o encontro entre Trump e Putin na sexta-feira possa resultar num acordo que a obrigue a ceder partes do seu territ\u00f3rio \u00e0 R\u00fassia.<\/p>\n<p>A regi\u00e3o de Donetsk \u00e9 uma das quatro que Putin integrou no territ\u00f3rio da Federa\u00e7\u00e3o Russa desde que ordenou a invas\u00e3o da Ucr\u00e2nia, em 24 de fevereiro de 2022, juntamente com Lugansk, Zaporijia e Kherson.<\/p>\n<p>A R\u00fassia j\u00e1 tinha anexado a pen\u00ednsula ucraniana da Crimeia em 2014.<\/p>\n<p>A Ucr\u00e2nia e a generalidade da comunidade internacional n\u00e3o reconhecem a soberania russa nas cinco regi\u00f5es anexadas, e Zelensky tem repetido que Kiev n\u00e3o ceder\u00e1 qualquer parte do territ\u00f3rio ucraniano a Moscovo.<\/p>\n","protected":false},"excerpt":{"rendered":"Acompanhe o nosso liveblog sobre a guerra na Ucr\u00e2nia. As tropas russas avan\u00e7aram rapidamente num setor estrat\u00e9gico da&hellip;\n","protected":false},"author":2,"featured_media":26507,"comment_status":"","ping_status":"","sticky":false,"template":"","format":"standard","meta":{"footnotes":""},"categories":[50],"tags":[27,28,445,15,16,1123,14,25,26,21,22,62,12,13,19,20,23,24,3879,17,18,1124,29,30,31,2415,2416,63,64,65],"class_list":{"0":"post-26506","1":"post","2":"type-post","3":"status-publish","4":"format-standard","5":"has-post-thumbnail","7":"category-mundo","8":"tag-breaking-news","9":"tag-breakingnews","10":"tag-europa","11":"tag-featured-news","12":"tag-featurednews","13":"tag-guerra-na-ucru00e2nia","14":"tag-headlines","15":"tag-latest-news","16":"tag-latestnews","17":"tag-main-news","18":"tag-mainnews","19":"tag-mundo","20":"tag-news","21":"tag-noticias","22":"tag-noticias-principais","23":"tag-noticiasprincipais","24":"tag-principais-noticias","25":"tag-principaisnoticias","26":"tag-ru00fassia","27":"tag-top-stories","28":"tag-topstories","29":"tag-ucru00e2nia","30":"tag-ultimas","31":"tag-ultimas-noticias","32":"tag-ultimasnoticias","33":"tag-vladimir-putin","34":"tag-volodymyr-zelensky","35":"tag-world","36":"tag-world-news","37":"tag-worldnews"},"share_on_mastodon":{"url":"","error":""},"_links":{"self":[{"href":"https:\/\/www.europesays.com\/pt\/wp-json\/wp\/v2\/posts\/26506","targetHints":{"allow":["GET"]}}],"collection":[{"href":"https:\/\/www.europesays.com\/pt\/wp-json\/wp\/v2\/posts"}],"about":[{"href":"https:\/\/www.europesays.com\/pt\/wp-json\/wp\/v2\/types\/post"}],"author":[{"embeddable":true,"href":"https:\/\/www.europesays.com\/pt\/wp-json\/wp\/v2\/users\/2"}],"replies":[{"embeddable":true,"href":"https:\/\/www.europesays.com\/pt\/wp-json\/wp\/v2\/comments?post=26506"}],"version-history":[{"count":0,"href":"https:\/\/www.europesays.com\/pt\/wp-json\/wp\/v2\/posts\/26506\/revisions"}],"wp:featuredmedia":[{"embeddable":true,"href":"https:\/\/www.europesays.com\/pt\/wp-json\/wp\/v2\/media\/26507"}],"wp:attachment":[{"href":"https:\/\/www.europesays.com\/pt\/wp-json\/wp\/v2\/media?parent=26506"}],"wp:term":[{"taxonomy":"category","embeddable":true,"href":"https:\/\/www.europesays.com\/pt\/wp-json\/wp\/v2\/categories?post=26506"},{"taxonomy":"post_tag","embeddable":true,"href":"https:\/\/www.europesays.com\/pt\/wp-json\/wp\/v2\/tags?post=26506"}],"curies":[{"name":"wp","href":"https:\/\/api.w.org\/{rel}","templated":true}]}}