{"id":265077,"date":"2026-02-11T00:59:07","date_gmt":"2026-02-11T00:59:07","guid":{"rendered":"https:\/\/www.europesays.com\/pt\/265077\/"},"modified":"2026-02-11T00:59:07","modified_gmt":"2026-02-11T00:59:07","slug":"jessica-galhofas-passa-por-mudanca-e-assume-novo-desafio-nova-missao","status":"publish","type":"post","link":"https:\/\/www.europesays.com\/pt\/265077\/","title":{"rendered":"J\u00e9ssica Galhofas passa por mudan\u00e7a e assume: &#8220;Novo desafio, nova miss\u00e3o!&#8221;"},"content":{"rendered":"<p>Para J\u00e9ssica Galhofas, o arranque do m\u00eas de fevereiro ficou marcado por uma importante novidade. A ex-concorrente de reality shows da <a href=\"https:\/\/tvi.iol.pt\" target=\"_blank\" rel=\"nofollow noopener\">TVI<\/a> como o &#8220;<a href=\"https:\/\/tvi.iol.pt\/bigbrother\/\" target=\"_blank\" rel=\"nofollow noopener\">Big Brother<\/a> 2023&#8243; integra, agora, o plantel do\u00a0FC Ferreirense, de Braga.<\/p>\n<p>&#8220;Novo desafio, nova miss\u00e3o! \u00c9 com enorme orgulho que anuncio que vou refor\u00e7ar a defesa do Ferreirense nesta segunda fase da \u00e9poca!\u00a0Pronta para dar tudo em campo, lutar por cada bola e levar a equipa \u00e0 vit\u00f3ria&#8221;, escreveu <a href=\"https:\/\/selfie.iol.pt\/famosos\/big-brother\/jessica-galhofas-enfrenta-fase-dificil-nem-sempre-tudo-e-um-mar-de-rosas\/20251217\/694326c9d34e2bd5c6d53bcb\" target=\"_blank\" rel=\"nofollow noopener\">J\u00e9ssica Galhofas<\/a>, esta segunda-feira, dia 9, no Instagram.<\/p>\n<p>A antiga moradora da casa mais vigiada do Pa\u00eds completou a mensagem com um agradecimento e uma promessa: &#8220;Obrigado ao clube pela confian\u00e7a. Agora, \u00e9 trabalhar e fazer hist\u00f3ria!&#8221;<\/p>\n<p>Veja, agora, na galeria que prepar\u00e1mos para si, as melhores imagens de <a href=\"https:\/\/selfie.iol.pt\/famosos\/big-brother\/jessica-galhofas-nem-todas-as-despedidas-sao-faceis-e-esta-e-daquelas-que-custa-escrever\/20260117\/696ba1aed34e0ec52ec24caa\" target=\"_blank\" rel=\"nofollow noopener\">J\u00e9ssica Galhofas<\/a>.<\/p>\n<blockquote class=\"instagram-media\" data-instgrm-captioned=\"\" data-instgrm-permalink=\"https:\/\/www.instagram.com\/p\/DUi9iIViHIi\/?utm_source=ig_embed&amp;utm_campaign=loading\" data-instgrm-version=\"14\" style=\" background:#FFF; border:0; border-radius:3px; box-shadow:0 0 1px 0 rgba(0,0,0,0.5),0 1px 10px 0 rgba(0,0,0,0.15); margin: 1px; max-width:540px; min-width:326px; padding:0; width:99.375%; width:-webkit-calc(100% - 2px); width:calc(100% - 2px);\">\n<\/blockquote>\n<p>\u00a0<\/p>\n<p>                        <script async src=\"\/\/www.instagram.com\/embed.js\"><\/script><\/p>\n","protected":false},"excerpt":{"rendered":"Para J\u00e9ssica Galhofas, o arranque do m\u00eas de fevereiro ficou marcado por uma importante novidade. A ex-concorrente de&hellip;\n","protected":false},"author":2,"featured_media":265078,"comment_status":"","ping_status":"","sticky":false,"template":"","format":"standard","meta":{"footnotes":"","_share_on_mastodon":"0"},"categories":[145],"tags":[6308,6981,48,6982,211,210,114,115,6309,980,48968,48969,9485,524,2388,11384,1015,3591,619,32,33,1014,1012,162],"class_list":["post-265077","post","type-post","status-publish","format-standard","has-post-thumbnail","category-celebridades","tag-bb","tag-bb2023","tag-big-brother","tag-big-brother-2023","tag-celebridades","tag-celebrities","tag-entertainment","tag-entretenimento","tag-ex-concorrente","tag-famosos","tag-fc-ferreirense","tag-ferreirense","tag-finalista","tag-futebol","tag-futebol-feminino","tag-futebolista","tag-instagram","tag-jessica-galhofas","tag-nacional","tag-portugal","tag-pt","tag-reality-show","tag-selfie","tag-tvi"],"share_on_mastodon":{"url":"https:\/\/pubeurope.com\/@pt\/116049291678498840","error":""},"_links":{"self":[{"href":"https:\/\/www.europesays.com\/pt\/wp-json\/wp\/v2\/posts\/265077","targetHints":{"allow":["GET"]}}],"collection":[{"href":"https:\/\/www.europesays.com\/pt\/wp-json\/wp\/v2\/posts"}],"about":[{"href":"https:\/\/www.europesays.com\/pt\/wp-json\/wp\/v2\/types\/post"}],"author":[{"embeddable":true,"href":"https:\/\/www.europesays.com\/pt\/wp-json\/wp\/v2\/users\/2"}],"replies":[{"embeddable":true,"href":"https:\/\/www.europesays.com\/pt\/wp-json\/wp\/v2\/comments?post=265077"}],"version-history":[{"count":0,"href":"https:\/\/www.europesays.com\/pt\/wp-json\/wp\/v2\/posts\/265077\/revisions"}],"wp:featuredmedia":[{"embeddable":true,"href":"https:\/\/www.europesays.com\/pt\/wp-json\/wp\/v2\/media\/265078"}],"wp:attachment":[{"href":"https:\/\/www.europesays.com\/pt\/wp-json\/wp\/v2\/media?parent=265077"}],"wp:term":[{"taxonomy":"category","embeddable":true,"href":"https:\/\/www.europesays.com\/pt\/wp-json\/wp\/v2\/categories?post=265077"},{"taxonomy":"post_tag","embeddable":true,"href":"https:\/\/www.europesays.com\/pt\/wp-json\/wp\/v2\/tags?post=265077"}],"curies":[{"name":"wp","href":"https:\/\/api.w.org\/{rel}","templated":true}]}}