{"id":265100,"date":"2026-02-11T01:19:12","date_gmt":"2026-02-11T01:19:12","guid":{"rendered":"https:\/\/www.europesays.com\/pt\/265100\/"},"modified":"2026-02-11T01:19:12","modified_gmt":"2026-02-11T01:19:12","slug":"oficial-sporting-reforca-se-com-jovem-avancado-angolano","status":"publish","type":"post","link":"https:\/\/www.europesays.com\/pt\/265100\/","title":{"rendered":"OFICIAL: Sporting refor\u00e7a-se com jovem avan\u00e7ado angolano"},"content":{"rendered":"<p>O angolano D\u00e9lcio Aur\u00e9lio \u00e9 refor\u00e7o da forma\u00e7\u00e3o do Sporting, confirmou o clube verde e branco, esta ter\u00e7a-feira.<\/p>\n<p>O avan\u00e7ado de 18 anos chega aos le\u00f5es depois de ter feito forma\u00e7\u00e3o no CA Petr\u00f3leos de Luanda (Petro de Luanda) e de ter representado o GD Interclube, tendo jogado, por este clube, no Girabola, em 2025.<\/p>\n<p>Em declara\u00e7\u00f5es aos canais do clube, D\u00e9lcio mostrou admirar o colombiano Luis Su\u00e1rez, da equipa principal, dizendo tamb\u00e9m que \u00e9 sportinguista desde \u00absempre\u00bb.<\/p>\n<p>\u00abO ponta-de-lan\u00e7a vive de golos e, por isso, gosto do Luis Su\u00e1rez. Jogamos na mesma posi\u00e7\u00e3o, gosto da forma como joga e faz \u00f3timos golos. Sempre fui sportinguista e recebi a not\u00edcia com muito \u00e2nimo. Estava com os meus familiares, a minha m\u00e3e ficou muito feliz e n\u00e3o pensei duas vezes para aceitar a proposta do Sporting CP\u00bb, explicou.<\/p>\n<p>Os le\u00f5es n\u00e3o detalharam a dura\u00e7\u00e3o do v\u00ednculo, nem os contornos da transfer\u00eancia. D\u00e9lcio Aur\u00e9lio dever\u00e1 jogar entre equipa B, sub-23 ou juniores.<\/p>\n","protected":false},"excerpt":{"rendered":"O angolano D\u00e9lcio Aur\u00e9lio \u00e9 refor\u00e7o da forma\u00e7\u00e3o do Sporting, confirmou o clube verde e branco, esta ter\u00e7a-feira.&hellip;\n","protected":false},"author":2,"featured_media":265101,"comment_status":"","ping_status":"","sticky":false,"template":"","format":"standard","meta":{"footnotes":"","_share_on_mastodon":"0"},"categories":[87],"tags":[1063,48980,135,48981,46,42,728,32,33,47,34,134,35,48982],"class_list":["post-265100","post","type-post","status-publish","format-standard","has-post-thumbnail","category-desporto","tag-angola","tag-delcio-aurelio","tag-desporto","tag-interclube","tag-maisfutebol","tag-mercado","tag-mercado-sporting","tag-portugal","tag-pt","tag-pura-paixao","tag-sporting","tag-sports","tag-transferencias","tag-transferencias-sporting"],"share_on_mastodon":{"url":"https:\/\/pubeurope.com\/@pt\/116049370313579652","error":""},"_links":{"self":[{"href":"https:\/\/www.europesays.com\/pt\/wp-json\/wp\/v2\/posts\/265100","targetHints":{"allow":["GET"]}}],"collection":[{"href":"https:\/\/www.europesays.com\/pt\/wp-json\/wp\/v2\/posts"}],"about":[{"href":"https:\/\/www.europesays.com\/pt\/wp-json\/wp\/v2\/types\/post"}],"author":[{"embeddable":true,"href":"https:\/\/www.europesays.com\/pt\/wp-json\/wp\/v2\/users\/2"}],"replies":[{"embeddable":true,"href":"https:\/\/www.europesays.com\/pt\/wp-json\/wp\/v2\/comments?post=265100"}],"version-history":[{"count":0,"href":"https:\/\/www.europesays.com\/pt\/wp-json\/wp\/v2\/posts\/265100\/revisions"}],"wp:featuredmedia":[{"embeddable":true,"href":"https:\/\/www.europesays.com\/pt\/wp-json\/wp\/v2\/media\/265101"}],"wp:attachment":[{"href":"https:\/\/www.europesays.com\/pt\/wp-json\/wp\/v2\/media?parent=265100"}],"wp:term":[{"taxonomy":"category","embeddable":true,"href":"https:\/\/www.europesays.com\/pt\/wp-json\/wp\/v2\/categories?post=265100"},{"taxonomy":"post_tag","embeddable":true,"href":"https:\/\/www.europesays.com\/pt\/wp-json\/wp\/v2\/tags?post=265100"}],"curies":[{"name":"wp","href":"https:\/\/api.w.org\/{rel}","templated":true}]}}