{"id":26555,"date":"2025-08-12T17:36:16","date_gmt":"2025-08-12T17:36:16","guid":{"rendered":"https:\/\/www.europesays.com\/pt\/26555\/"},"modified":"2025-08-12T17:36:16","modified_gmt":"2025-08-12T17:36:16","slug":"globo-demite-diretores-e-reestrutura-negocio-com-chegada-da-dtv","status":"publish","type":"post","link":"https:\/\/www.europesays.com\/pt\/26555\/","title":{"rendered":"Globo demite diretores e reestrutura neg\u00f3cio com chegada da DTV+"},"content":{"rendered":"<p>A Globo anunciou nesta ter\u00e7a-feira (12), em comunicado interno do diretor de Tecnologia, <strong>Raymundo Barros<\/strong>, a reestrutura\u00e7\u00e3o da \u00e1rea. Em nota enviada \u00e0 imprensa, a emissora confirmou mudan\u00e7as estruturais e operacionais e a demiss\u00e3o de diretores com a chegada da DTV+.<\/p>\n<p>continua depois da publicidade<\/p>\n<p>A DTV+ \u00e9 um novo padr\u00e3o de televis\u00e3o aberta brasileira, tamb\u00e9m conhecido como TV 3.0. Visa integrar a TV tradicional com a tecnologia digital, oferecendo melhor qualidade de imagem e som, al\u00e9m de recursos interativos.<\/p>\n<p>+ <a href=\"https:\/\/natelinha.uol.com.br\/novelas\/2025\/08\/12\/afonso-doente-raquel-pobre-de-novo-as-reviravoltas-ineditas-em-vale-tudo-229778.php\" rel=\"nofollow noopener\" target=\"_blank\">Afonso doente, Raquel pobre de novo: As reviravoltas in\u00e9ditas em Vale Tudo<\/a><\/p>\n<p>No comunicado, Raymundo Barros afirmou: \u201cCom a chegada da DTV+, a programa\u00e7\u00e3o da TV Globo se transformar\u00e1 em um conjunto de experi\u00eancias digitais interativas. A monetiza\u00e7\u00e3o tamb\u00e9m evolui, se aproximando do conte\u00fado por meio de novos modelos\u201d.<\/p>\n<p>continua depois da publicidade<\/p>\n<p>\u201cA digitaliza\u00e7\u00e3o da TV Globo completa nosso ecossistema de produtos digitais, permitindo uma abordagem unificada, muitas vezes integrada e \u00e1gil na cria\u00e7\u00e3o de novas experi\u00eancias\u201d, acrescentou.<\/p>\n<p>O novo modelo operacional implicou em mudan\u00e7as na lideran\u00e7a da \u00e1rea: <strong>Wanderley Baccala<\/strong> e <strong>Paulo Rabello<\/strong> deixar\u00e3o a Globo no final deste ano. Baccala foi o gestor respons\u00e1vel pelo sucesso da implanta\u00e7\u00e3o do hub digital da Globo. Rabello liderou mudan\u00e7as nos processos tecnol\u00f3gicos e operacionais da produ\u00e7\u00e3o e distribui\u00e7\u00e3o de conte\u00fado.<\/p>\n<p>continua depois da publicidade<\/p>\n<p>&#8220;Paulo e Baccala deixam como legado sucessores preparados para a continuidade da nossa evolu\u00e7\u00e3o. A jornada que percorremos juntos \u00e9 marcada n\u00e3o apenas por grandes conquistas profissionais, mas tamb\u00e9m por uma amizade e parceria que reconhe\u00e7o imensamente&#8221;, destacou Raymundo no comunicado.<\/p>\n<p>+ <a href=\"https:\/\/natelinha.uol.com.br\/famosos\/2025\/08\/12\/gracyanne-barbosa-revela-preocupacao-com-professor-da-danca-dos-famosos-e-expoe-o-motivo-229779.php\" rel=\"nofollow noopener\" target=\"_blank\">Gracyanne Barbosa revela preocupa\u00e7\u00e3o com professor da Dan\u00e7a dos Famosos e exp\u00f5e o motivo<\/a><\/p>\n<p>Para esta nova etapa, o diretor de Tecnologia convidou:<\/p>\n<ul>\n<li><strong>Marcelo Bossoni<\/strong> para assumir a diretoria de Produ\u00e7\u00e3o de Conte\u00fado, um hub de opera\u00e7\u00f5es das plataformas de cria\u00e7\u00e3o, produ\u00e7\u00e3o, finaliza\u00e7\u00e3o e design, integrado \u00e0s \u00e1reas de Conte\u00fado;<\/li>\n<li><strong>Marcelo Souza<\/strong>, para liderar a diretoria de Experi\u00eancia, Entrega e Monetiza\u00e7\u00e3o, respons\u00e1vel pelo desenvolvimento e gest\u00e3o da entrega multiplataforma e monetiza\u00e7\u00e3o dos produtos e canais;<\/li>\n<li>e <strong>Carolina Duca<\/strong> para a diretoria de Infraestrutura e Telecom, que acelera o desenvolvimento do ecossistema.<\/li>\n<\/ul>\n<p>Eles se juntam aos outros diretores da \u00e1rea, <strong>Maur\u00edcio F\u00e9lix<\/strong>, \u00e0 frente das Plataformas Core da Tecnologia e Seguran\u00e7a da Informa\u00e7\u00e3o; <strong>Carlos Oct\u00e1vio Queiroz<\/strong>, respons\u00e1vel pelo centro de excel\u00eancia em Dados, IA e Parcerias; e <strong>Vanina Lages<\/strong>, que lidera a \u00e1rea de Governan\u00e7a e Estrat\u00e9gia da Tecnologia.<\/p>\n<p>continua depois da publicidade<\/p>\n","protected":false},"excerpt":{"rendered":"A Globo anunciou nesta ter\u00e7a-feira (12), em comunicado interno do diretor de Tecnologia, Raymundo Barros, a reestrutura\u00e7\u00e3o da&hellip;\n","protected":false},"author":2,"featured_media":26556,"comment_status":"","ping_status":"","sticky":false,"template":"","format":"standard","meta":{"footnotes":""},"categories":[142],"tags":[114,115,753,32,33,151],"class_list":{"0":"post-26555","1":"post","2":"type-post","3":"status-publish","4":"format-standard","5":"has-post-thumbnail","7":"category-tv","8":"tag-entertainment","9":"tag-entretenimento","10":"tag-globo","11":"tag-portugal","12":"tag-pt","13":"tag-tv"},"share_on_mastodon":{"url":"","error":""},"_links":{"self":[{"href":"https:\/\/www.europesays.com\/pt\/wp-json\/wp\/v2\/posts\/26555","targetHints":{"allow":["GET"]}}],"collection":[{"href":"https:\/\/www.europesays.com\/pt\/wp-json\/wp\/v2\/posts"}],"about":[{"href":"https:\/\/www.europesays.com\/pt\/wp-json\/wp\/v2\/types\/post"}],"author":[{"embeddable":true,"href":"https:\/\/www.europesays.com\/pt\/wp-json\/wp\/v2\/users\/2"}],"replies":[{"embeddable":true,"href":"https:\/\/www.europesays.com\/pt\/wp-json\/wp\/v2\/comments?post=26555"}],"version-history":[{"count":0,"href":"https:\/\/www.europesays.com\/pt\/wp-json\/wp\/v2\/posts\/26555\/revisions"}],"wp:featuredmedia":[{"embeddable":true,"href":"https:\/\/www.europesays.com\/pt\/wp-json\/wp\/v2\/media\/26556"}],"wp:attachment":[{"href":"https:\/\/www.europesays.com\/pt\/wp-json\/wp\/v2\/media?parent=26555"}],"wp:term":[{"taxonomy":"category","embeddable":true,"href":"https:\/\/www.europesays.com\/pt\/wp-json\/wp\/v2\/categories?post=26555"},{"taxonomy":"post_tag","embeddable":true,"href":"https:\/\/www.europesays.com\/pt\/wp-json\/wp\/v2\/tags?post=26555"}],"curies":[{"name":"wp","href":"https:\/\/api.w.org\/{rel}","templated":true}]}}