{"id":26572,"date":"2025-08-12T17:47:14","date_gmt":"2025-08-12T17:47:14","guid":{"rendered":"https:\/\/www.europesays.com\/pt\/26572\/"},"modified":"2025-08-12T17:47:14","modified_gmt":"2025-08-12T17:47:14","slug":"quem-e-o-ator-baiano-apontado-como-affair-de-bruna-marquezine","status":"publish","type":"post","link":"https:\/\/www.europesays.com\/pt\/26572\/","title":{"rendered":"Quem \u00e9 o ator baiano apontado como affair de Bruna Marquezine"},"content":{"rendered":"<p>\n                        Ambos contracenam em s\u00e9rie da Disney+ e postaram fotos juntos nas redes sociais\n                    <\/p>\n<p>\n                                                                                                                                                                                                                            12 ago<br \/>\n                                    2025<br \/>\n                                     &#8211; 12h13\n                                <\/p>\n<p>\n                                                                                                            (atualizado \u00e0s 12h36)\n                                                                    <\/p>\n<p><img loading=\"lazy\" decoding=\"async\" alt=\"Bruna Marquezine e Danilo Mesquita interpretam Bia e Marcelo em s\u00e9rie da Disney+\" class=\"img-0d18dc38e573e21b91aad56aa16d3b10r0tsptuq\" height=\"516\" src=\"https:\/\/www.europesays.com\/pt\/wp-content\/uploads\/2025\/08\/1630081800-itzabyljhzgwjgfvfnxb6wuwqq.jpeg\"  title=\"Bruna Marquezine e Danilo Mesquita interpretam Bia e Marcelo em s\u00e9rie da Disney+\" width=\"774\"\/><\/p>\n<p>Bruna Marquezine e Danilo Mesquita interpretam Bia e Marcelo em s\u00e9rie da Disney+<\/p>\n<p>Foto: Laura Campanella\/DisneyPlusBR\/Divulga\u00e7\u00e3o \/ Estad\u00e3o<\/p>\n<p class=\"text\"><b>Danilo Mesquita<\/b>, ator baiano de 33 anos, \u00e9 a suposta nova paix\u00e3o de <a href=\"https:\/\/www.terra.com.br\/tudo-sobre\/bruna-marquezine\" target=\"_self\" rel=\"nofollow noopener\">Bruna Marquezine<\/a>. Ambos contracenam juntos em Amor da Minha Vida, s\u00e9rie da Disney+ em que a atriz \u00e9 protagonista.<\/p>\n<p class=\"text\">Nas redes sociais, na sexta-feira, 8, o ator escreveu uma mensagem para o elenco com uma foto junto de Bruna. &#8220;Obrigado Bruna Marquezine, pela grande parceira que \u00e9.&#8221;<\/p>\n<blockquote class=\"instagram-media\" data-instgrm-captioned=\"\" data-instgrm-permalink=\"https:\/\/www.instagram.com\/p\/DNEXL2ThB2h\/?utm_source=ig_embed&amp;utm_campaign=loading\" data-instgrm-version=\"14\" style=\" background:#FFF; border:0; border-radius:3px; box-shadow:0 0 1px 0 rgba(0,0,0,0.5),0 1px 10px 0 rgba(0,0,0,0.15); margin: 1px; max-width:658px; min-width:326px; padding:0; width:99.375%; width:-webkit-calc(100% - 2px); width:calc(100% - 2px);\">\n<\/blockquote>\n<p class=\"text\">&#8220;\u00c9 uma alegria trabalhar com voc\u00ea, Dan&#8221;, respondeu a atriz de 30 anos. Segundo o jornal Extra, ambos demonstraram intimidade no set de filmagens, trocando car\u00edcias e tendo conversas privadas. Nas redes sociais, internautas ressaltaram a qu\u00edmica nas cenas em que ambos atuam.<\/p>\n<p class=\"text\">&#8220;Bruna e Danilo inventaram a qu\u00edmica em Amor da Minha Vida&#8221;, disse um. &#8220;Eles t\u00eam muita qu\u00edmica&#8221;, complementou outro.<\/p>\n<blockquote class=\"twitter-tweet\" id=\"1860327317937025353?ref_src=twsrc%5Etfw\">\n<p class=\"text\" dir=\"ltr\" lang=\"pt\">agora quero uma novela um filme com a Bruna Marquezine e Danilo Mesquita juro a qu\u00edmica deles em cena<\/p>\n<p class=\"text\"><a href=\"https:\/\/t.co\/KsfuIlzJSs\" target=\"_blank\" rel=\"nofollow\">pic.twitter.com\/KsfuIlzJSs<\/a><\/p>\n<p> \u2014 jotinha (@_m4nel1) <a href=\"https:\/\/twitter.com\/_m4nel1\/status\/1860327317937025353?ref_src=twsrc%5Etfw\" target=\"_blank\" rel=\"nofollow noopener\">November 23, 2024<\/a>\n<\/p><\/blockquote>\n<p>Quem \u00e9 Danilo Mesquita?<\/p>\n<p class=\"text\">O ator de 33 anos \u00e9 natural de Salvador e atualmente mora no Rio de Janeiro, por conta da carreira.<\/p>\n<p class=\"text\">Sua estreia ocorreu na Globo, em 2015, no folhetim I Love Parais\u00f3polis.<\/p>\n<p class=\"text\">Logo depois, esteve em produ\u00e7\u00f5es como Segundo Sol, Os Dez Mandamentos e \u00c9ramos Seis.<\/p>\n<p class=\"text\">Seus maiores destaques est\u00e3o nas s\u00e9ries 3% e Spectros, da Netflix. Atualmente, ele faz o papel de Marcelo em Amor da Minha Vida, da Disney+, que estreou em 2024.<\/p>\n<p><img alt=\"Danilo Mesquita \u00e9 ator e contracenou com Bruna Marquezine em s\u00e9rie\" class=\"img-9e80d45b1e8ee98a9e5a9db40693605d8wuo53gh\" decoding=\"async\" height=\"1019\" loading=\"lazy\" src=\"https:\/\/www.europesays.com\/pt\/wp-content\/uploads\/2025\/08\/491275805-kbscowkrrrhvtbx7bhj367lqju.png\"  title=\"Danilo Mesquita \u00e9 ator e contracenou com Bruna Marquezine em s\u00e9rie\" width=\"774\"\/><\/p>\n<p>Danilo Mesquita \u00e9 ator e contracenou com Bruna Marquezine em s\u00e9rie<\/p>\n<p>Foto: @_danilomesquita via Instagram \/ Estad\u00e3o<\/p>\n<p>                            <script async src=\"https:\/\/platform.twitter.com\/widgets.js\" charset=\"utf-8\"><\/script><script async src=\"\/\/www.instagram.com\/embed.js\"><\/script><\/p>\n","protected":false},"excerpt":{"rendered":"Ambos contracenam em s\u00e9rie da Disney+ e postaram fotos juntos nas redes sociais 12 ago 2025 &#8211; 12h13&hellip;\n","protected":false},"author":2,"featured_media":26573,"comment_status":"","ping_status":"","sticky":false,"template":"","format":"standard","meta":{"footnotes":""},"categories":[145],"tags":[3863,211,210,114,115,32,33],"class_list":{"0":"post-26572","1":"post","2":"type-post","3":"status-publish","4":"format-standard","5":"has-post-thumbnail","7":"category-celebridades","8":"tag-bruna-marquezine","9":"tag-celebridades","10":"tag-celebrities","11":"tag-entertainment","12":"tag-entretenimento","13":"tag-portugal","14":"tag-pt"},"share_on_mastodon":{"url":"","error":""},"_links":{"self":[{"href":"https:\/\/www.europesays.com\/pt\/wp-json\/wp\/v2\/posts\/26572","targetHints":{"allow":["GET"]}}],"collection":[{"href":"https:\/\/www.europesays.com\/pt\/wp-json\/wp\/v2\/posts"}],"about":[{"href":"https:\/\/www.europesays.com\/pt\/wp-json\/wp\/v2\/types\/post"}],"author":[{"embeddable":true,"href":"https:\/\/www.europesays.com\/pt\/wp-json\/wp\/v2\/users\/2"}],"replies":[{"embeddable":true,"href":"https:\/\/www.europesays.com\/pt\/wp-json\/wp\/v2\/comments?post=26572"}],"version-history":[{"count":0,"href":"https:\/\/www.europesays.com\/pt\/wp-json\/wp\/v2\/posts\/26572\/revisions"}],"wp:featuredmedia":[{"embeddable":true,"href":"https:\/\/www.europesays.com\/pt\/wp-json\/wp\/v2\/media\/26573"}],"wp:attachment":[{"href":"https:\/\/www.europesays.com\/pt\/wp-json\/wp\/v2\/media?parent=26572"}],"wp:term":[{"taxonomy":"category","embeddable":true,"href":"https:\/\/www.europesays.com\/pt\/wp-json\/wp\/v2\/categories?post=26572"},{"taxonomy":"post_tag","embeddable":true,"href":"https:\/\/www.europesays.com\/pt\/wp-json\/wp\/v2\/tags?post=26572"}],"curies":[{"name":"wp","href":"https:\/\/api.w.org\/{rel}","templated":true}]}}