{"id":26576,"date":"2025-08-12T17:53:04","date_gmt":"2025-08-12T17:53:04","guid":{"rendered":"https:\/\/www.europesays.com\/pt\/26576\/"},"modified":"2025-08-12T17:53:04","modified_gmt":"2025-08-12T17:53:04","slug":"everton-anuncia-a-chegada-de-jack-grealish-zerozero-pt","status":"publish","type":"post","link":"https:\/\/www.europesays.com\/pt\/26576\/","title":{"rendered":"Everton anuncia a chegada de Jack Grealish &#8211; zerozero.pt"},"content":{"rendered":"<ol>\n<li><a href=\"https:\/\/news.google.com\/rss\/articles\/CBMiigFBVV95cUxNRDVlRnVoUEFlRXJmY2xCWU9pNVNMT241Q1FCbnBDX0w3YVl1OHN4aFFxRTFlMm5OeTVzVUtBbU5SeU45NVJSMUd2MkdqaHY4OHlXZEQzTzdVRjcxOHlsQTBuYm1DbUhPem9zQmxieHZvUjRxUFpNaXR5VmRCTTNxVzIxdV9nX1d2dXc?oc=5\" target=\"_blank\" rel=\"nofollow noopener\">Everton anuncia a chegada de Jack Grealish<\/a>&nbsp;&nbsp;zerozero.pt<\/li>\n<li><a href=\"https:\/\/news.google.com\/rss\/articles\/CBMi3gFBVV95cUxQaHFWNXZhd3R6b3N5R2FFVG80ajhjLUFxemF1UDA2OUYwX2NhSDlLQS16ZVBPTjRSUmpIRE5zQ1QwY01yYy1zd3llMkwtdm41Ty04SXY0N0g2NmJ6bTYzV1RDdGVmTjlqSHpFYlZfQ0pfR3ZXLXdCSUZCaTJVbFZjX2VSTEtza0lINnJheHBBUGswMWRVSHFNb1BSYU04VWhVOVEzTFlMUTdNV29OV2RrMmRSakpzNHgtVEFzeEtqZ0hITEkyVUxKNnpJYmNsTENrUEJaRVlSLVk1cndER3fSAewBQVVfeXFMTm1ZLVI5TERiOW5qWUhvY3FaMFVlc3NPSkZwTEVHcmc4ODk0WG9mWWxlQmRacVVZc1I0MmUzSEhtSmxLWU42TFVQa1JlZ3F3R3NERUk1ZzFVMXU2dXFfQjBuMWM2bXM2a3lGUThoWlZtS05XRjNxU19kQ2x1VFBuYmR3SDlWQkhja2ZzdW9RTk5yaHZDQXN1MEV4aGZjSzduWmZ6czViNWo0RGt4RXNxVlpiQXMtcFplblF5b2o3bmZtTFVaclQ4S3FhbTVZRjhqQ1VfMjhZYmZzOHNpTFloUkl4WVVybDVkOTlDUUE?oc=5\" target=\"_blank\" rel=\"nofollow noopener\">Everton anuncia contrata\u00e7\u00e3o de Grealish por empr\u00e9stimo<\/a>&nbsp;&nbsp;ge<\/li>\n<li><a href=\"https:\/\/news.google.com\/rss\/articles\/CBMixAFBVV95cUxQamw2NVpmVDV4bXdKUTIxdXNkQmJ5Z0hldFBybHgzOFhEOEFfUzVMVnNDN3IwdEQzY0JtUUxkUm5JeFQxSXlNNUc2N1ZwQXJGX2liTUNsRHptU3lDeDVZSlBucWluTHdES1FPUHFYLWszVnRERGVhMFhrMlotS0J6OFNPVm9pemlFVWl3N3k2SW9aekc0S01yWVY1UFowSzV0WkRETDIxbktJV1lTQk9oM3VIUUxpRks2WHkwOWUxcTVpelhi0gHKAUFVX3lxTE9UNng5dVJ6TGhtRjl3TjQwcXFwUk1DaEJ6OW1pdFlKUkZFUEwwZHo3VXJvWXJteDdXT0V6bDAzYUo4cHlnZDg3Ny0yTkhwcG5OSTRtZk5aY2txNXlEX0ZKdjNQbzczVmFqa1NqdUVFdHMtbjVOTl9zLVUxRlptVS1mVzdFZHZRLWtJZGQtUG9xZFZkdjVoY3hwVnliNld5VmlWa25TbEhtZmM5Y3VpRTNMV3AwdEk5eGhDbnZiZmlpV0FFTkJTaS1CckE?oc=5\" target=\"_blank\" rel=\"nofollow noopener\">Grealish deixa o Manchester City e \u00e9 anunciado por novo clube<\/a>&nbsp;&nbsp;tntsports.com.br<\/li>\n<li><a href=\"https:\/\/news.google.com\/rss\/articles\/CBMi0AFBVV95cUxQVVFvUlVkbGlDRlZRdHJ5SUs1SVNYWVBGbzBTb3VfNzhiTUU4dV92TFhQRjRXMTNldmN0ZE1YQl82MnZaalc3azFicVJZdURjcFlEajRncWtCNkhud1dDVnUyWDBjcEtyeExITzVyR1A1VjlXb0dxcWhSX24zZl9iRldsV3RYX3dEX0FxX05YSTh5dm0xTm9IbjZNTXduSDNoSlFLUWJkRG9vTEZ2NXhod2N4dFlJSTd5QzNhMF9TSXFsTmstSl9CaWZSU0FmT3Bz?oc=5\" target=\"_blank\" rel=\"nofollow noopener\">Refor\u00e7o de R$ 730 milh\u00f5es vai trocar o Manchester City por rival na Premier League<\/a>&nbsp;&nbsp;ESPN Brasil<\/li>\n<li><a href=\"https:\/\/news.google.com\/rss\/articles\/CBMi-AFBVV95cUxQaEVoMFpYY1UyUnR5MldHeUs3ZVVVR0ptWldzTFZucW5lMGtaa3dfUl9OejhWVjZJNHJZM05WWjYycmg4SDhJTUpYSHZyeThqSlVhRXBXOVRDZUlJUWowRXZJal9FSWM2S0hnTE9xbWp0eTlFMGVSc0JlTmF0bHV0T29kaWU0cERlRUV0Yzd0SG1NMzNmLXNiYjJtc19PRzh1LVMzVEJLTk9TVk4tLWhTYkxIT0RJclNNR1JYYWVpZ09ZQS01Q1NwN0EwQmZ5Y3hrRWdLWHZLSEFWVlZZWDB3Y1Q1azR0c1RsbGdLdXJuZ3l2cGQzWVVieg?oc=5\" target=\"_blank\" rel=\"nofollow noopener\">Jogador que &#8220;evitou&#8221; Messi de ir para o City fecha com novo clube<\/a>&nbsp;&nbsp;Terra<\/li>\n<\/ol>\n","protected":false},"excerpt":{"rendered":"Everton anuncia a chegada de Jack Grealish&nbsp;&nbsp;zerozero.pt Everton anuncia contrata\u00e7\u00e3o de Grealish por empr\u00e9stimo&nbsp;&nbsp;ge Grealish deixa o Manchester&hellip;\n","protected":false},"author":2,"featured_media":26577,"comment_status":"","ping_status":"","sticky":false,"template":"","format":"standard","meta":{"footnotes":""},"categories":[87],"tags":[135,526,524,13,32,33,527,525,134,523],"class_list":{"0":"post-26576","1":"post","2":"type-post","3":"status-publish","4":"format-standard","5":"has-post-thumbnail","7":"category-desporto","8":"tag-desporto","9":"tag-football","10":"tag-futebol","11":"tag-noticias","12":"tag-portugal","13":"tag-pt","14":"tag-resultados","15":"tag-soccer","16":"tag-sports","17":"tag-zerozero"},"share_on_mastodon":{"url":"","error":""},"_links":{"self":[{"href":"https:\/\/www.europesays.com\/pt\/wp-json\/wp\/v2\/posts\/26576","targetHints":{"allow":["GET"]}}],"collection":[{"href":"https:\/\/www.europesays.com\/pt\/wp-json\/wp\/v2\/posts"}],"about":[{"href":"https:\/\/www.europesays.com\/pt\/wp-json\/wp\/v2\/types\/post"}],"author":[{"embeddable":true,"href":"https:\/\/www.europesays.com\/pt\/wp-json\/wp\/v2\/users\/2"}],"replies":[{"embeddable":true,"href":"https:\/\/www.europesays.com\/pt\/wp-json\/wp\/v2\/comments?post=26576"}],"version-history":[{"count":0,"href":"https:\/\/www.europesays.com\/pt\/wp-json\/wp\/v2\/posts\/26576\/revisions"}],"wp:featuredmedia":[{"embeddable":true,"href":"https:\/\/www.europesays.com\/pt\/wp-json\/wp\/v2\/media\/26577"}],"wp:attachment":[{"href":"https:\/\/www.europesays.com\/pt\/wp-json\/wp\/v2\/media?parent=26576"}],"wp:term":[{"taxonomy":"category","embeddable":true,"href":"https:\/\/www.europesays.com\/pt\/wp-json\/wp\/v2\/categories?post=26576"},{"taxonomy":"post_tag","embeddable":true,"href":"https:\/\/www.europesays.com\/pt\/wp-json\/wp\/v2\/tags?post=26576"}],"curies":[{"name":"wp","href":"https:\/\/api.w.org\/{rel}","templated":true}]}}