{"id":26588,"date":"2025-08-12T18:05:15","date_gmt":"2025-08-12T18:05:15","guid":{"rendered":"https:\/\/www.europesays.com\/pt\/26588\/"},"modified":"2025-08-12T18:05:15","modified_gmt":"2025-08-12T18:05:15","slug":"as-reviravoltas-ineditas-em-vale-tudo","status":"publish","type":"post","link":"https:\/\/www.europesays.com\/pt\/26588\/","title":{"rendered":"As reviravoltas in\u00e9ditas em Vale Tudo"},"content":{"rendered":"<p>Os pr\u00f3ximos cap\u00edtulos de <a href=\"https:\/\/natelinha.uol.com.br\/novelas\/vale-tudo\" rel=\"nofollow noopener\" target=\"_blank\">Vale Tudo<\/a> ter\u00e3o reviravoltas in\u00e9ditas, inexistentes na primeira vers\u00e3o da novela, que foi ao ar na Globo entre 1988 e 1989. Entre as principais mudan\u00e7as, <a href=\"https:\/\/natelinha.uol.com.br\/novelas\/vale-tudo\/personagem\/afonso\" rel=\"nofollow noopener\" target=\"_blank\">Afonso<\/a> (Humberto Carr\u00e3o) descobrir\u00e1 uma grave doen\u00e7a e <a href=\"https:\/\/natelinha.uol.com.br\/novelas\/vale-tudo\/personagem\/raquel\" rel=\"nofollow noopener\" target=\"_blank\">Raquel<\/a> (Ta\u00eds Araujo) ficar\u00e1 pobre de novo.<\/p>\n<p>Raquel ser\u00e1 v\u00edtima de mais uma arma\u00e7\u00e3o de <a href=\"https:\/\/natelinha.uol.com.br\/novelas\/vale-tudo\/personagem\/odete-roitman\" rel=\"nofollow noopener\" target=\"_blank\">Odete Roitman<\/a> (D\u00e9bora Bloch). Depois de fracassar no plano da maionese envenenada, que \u00e9 descoberta a tempo pela rival, a vil\u00e3 consegue finalmente acabar com a inimiga ao descobrir a sociedade dela com <a href=\"https:\/\/natelinha.uol.com.br\/novelas\/vale-tudo\/personagem\/celina\" rel=\"nofollow noopener\" target=\"_blank\">Celina<\/a> (Malu Galli).<\/p>\n<p>+ <a href=\"https:\/\/natelinha.uol.com.br\/colunas\/quarta-parede\/2025\/08\/12\/5-elementos-que-fazem-de-dona-de-mim-a-melhor-novela-inedita-no-ar-na-globo-229753.php\" rel=\"nofollow noopener\" target=\"_blank\">5 elementos que fazem de Dona de Mim a melhor novela in\u00e9dita no ar na Globo<\/a><\/p>\n<p>continua depois da publicidade<\/p>\n<p>Quem revela a verdade, por vingan\u00e7a, \u00e9 <a href=\"https:\/\/natelinha.uol.com.br\/novelas\/vale-tudo\/personagem\/maria-de-fatima\" rel=\"nofollow noopener\" target=\"_blank\">Maria de F\u00e1tima<\/a> (Bella Campos), depois de ser flagrada por Afonso com <a href=\"https:\/\/natelinha.uol.com.br\/novelas\/vale-tudo\/personagem\/cesar\" rel=\"nofollow noopener\" target=\"_blank\">C\u00e9sar<\/a> (Cau\u00e3 Reymond) e ao ser expulsa da mans\u00e3o dos Roitman a pontap\u00e9s.<\/p>\n<p>Odete manda fechar a Paladar e Raquel volta a vender sandu\u00edches na praia<\/p>\n<p><img decoding=\"async\" src=\"https:\/\/www.europesays.com\/pt\/wp-content\/uploads\/2025\/08\/globo-vale-tudo-odete-roitman-debora-bloch_5343.jpeg\" alt=\"imagem-texto\"\/><\/p>\n<p>Odete usa de chantagem para obrigar Celina a lhe vender sua parte na Paladar. Ela amea\u00e7a dedurar a alian\u00e7a da irm\u00e3 com Raquel para <a href=\"https:\/\/natelinha.uol.com.br\/novelas\/vale-tudo\/personagem\/heleninha\" rel=\"nofollow noopener\" target=\"_blank\">Heleninha<\/a> (Paolla Oliveira), o que fatalmente colocaria a mo\u00e7a contra a tia, por ci\u00fame de <a href=\"https:\/\/natelinha.uol.com.br\/novelas\/vale-tudo\/personagem\/ivan\" rel=\"nofollow noopener\" target=\"_blank\">Ivan<\/a> (Renato G\u00f3es), que trocou a pintora pela empres\u00e1ria.<\/p>\n<p>+ <a href=\"https:\/\/natelinha.uol.com.br\/novelas\/2025\/08\/11\/vale-tudo-muda-tramas-amorosas-e-elimina-casais-da-novela-original-veja-lista-229703.php\" rel=\"nofollow noopener\" target=\"_blank\">Vale Tudo muda tramas amorosas e elimina casais da novela original; veja lista<\/a><\/p>\n<p>Em posse de parte da Paladar, Odete surpreende ao avisar que a empresa vai fechar. Raquel se d\u00e1 conta de que, al\u00e9m de perder seu grande neg\u00f3cio, ficar\u00e1 com d\u00edvidas. Por isso, a amiga de <a href=\"https:\/\/natelinha.uol.com.br\/novelas\/vale-tudo\/personagem\/poliana\" rel=\"nofollow noopener\" target=\"_blank\">Poliana<\/a> (Matheus Nachtergaele) ter\u00e1 que voltar a vender sandu\u00edches na praia para sobreviver.<\/p>\n<p>continua depois da publicidade<\/p>\n<p>Originalmente, Raquel n\u00e3o ficava pobre novamente depois de enriquecer. Ela conseguia superar todas as arma\u00e7\u00f5es de Odete Roitman e continuava rica, \u00e0 frente da Paladar, at\u00e9 o desfecho da trama.<\/p>\n<p>Afonso precisa de doador de medula, e segredo vem \u00e0 tona<\/p>\n<p><img decoding=\"async\" src=\"https:\/\/www.europesays.com\/pt\/wp-content\/uploads\/2025\/08\/globo-vale-tudo-afonso-humberto-carrao_4008.jpeg\" alt=\"imagem-texto\"\/><\/p>\n<p>J\u00e1 Afonso, depois de terminado o casamento com Maria de F\u00e1tima, descobrir\u00e1 que est\u00e1 com leucemia. O herdeiro dos Roitman precisar\u00e1 de um doador compat\u00edvel para um transplante de medula, o que trar\u00e1 a revela\u00e7\u00e3o de que <a href=\"https:\/\/natelinha.uol.com.br\/novelas\/vale-tudo\/personagem\/leonardo\" rel=\"nofollow noopener\" target=\"_blank\">Leonardo<\/a> (Guilherme Magon) est\u00e1 vivo.<\/p>\n<p>+ <a href=\"https:\/\/natelinha.uol.com.br\/novelas\/2025\/08\/10\/afonso-flagra-maria-de-fatima-com-cesar-em-vale-tudo-saiba-quando-cena-ira-ao-ar-229701.php\" rel=\"nofollow noopener\" target=\"_blank\">Afonso flagra Maria de F\u00e1tima com C\u00e9sar em Vale Tudo; saiba quando cena ir\u00e1 ao ar<\/a><\/p>\n<p>Na primeira vers\u00e3o, o segredo de Odete era revelado de forma diferente. Para desmascarar a desafeta e impedir suas maldades, Raquel era quem tratava de investigar a vida da milion\u00e1ria e revelar tudo o que descobriu na reta final. Ao contr\u00e1rio do remake, Leonardo, de fato, havia morrido no acidente.<\/p>\n<p>continua depois da publicidade<\/p>\n<p>Dever\u00e1 ficar para os \u00faltimos cap\u00edtulos outra revela\u00e7\u00e3o igualmente importante: a de que era Odete, e n\u00e3o Heleninha, quem dirigia o carro no momento do acidente que deixou Leonardo com sequelas. A megera deixou que a filha ficasse com a culpa e com os traumas da trag\u00e9dia.<\/p>\n<p>                                <img decoding=\"async\" alt=\"Imagem da thumbnail do v\u00eddeo\" src=\"https:\/\/www.europesays.com\/pt\/wp-content\/uploads\/2025\/07\/1753885272_70_hqdefault.jpg\" class=\"play-video\"\/><\/p>\n<p><a href=\"https:\/\/natelinha.uol.com.br\/novelas\/vale-tudo\" rel=\"nofollow noopener\" target=\"_blank\">Vale Tudo<\/a> \u00e9 escrita por Manuela Dias e tem dire\u00e7\u00e3o art\u00edstica de Paulo Silvestrini. O remake \u00e9 baseado na novela exibida entre 1988 e 1989, criada por Gilberto Braga (1945-2021), Aguinaldo Silva e Leonor Bass\u00e8res (1926-2004) e que teve dire\u00e7\u00e3o de Dennis Carvalho e Ricardo Waddington.<\/p>\n<p>O <strong>NaTelinha<\/strong> divulga todos os dias os resumos dos cap\u00edtulos, detalhes dos personagens, entrevistas exclusivas com o elenco e spoilers da novela Vale Tudo. <a href=\"https:\/\/natelinha.uol.com.br\/novelas\" rel=\"nofollow noopener\" target=\"_blank\">Confira!<\/a><\/p>\n<p>continua depois da publicidade<\/p>\n","protected":false},"excerpt":{"rendered":"Os pr\u00f3ximos cap\u00edtulos de Vale Tudo ter\u00e3o reviravoltas in\u00e9ditas, inexistentes na primeira vers\u00e3o da novela, que foi ao&hellip;\n","protected":false},"author":2,"featured_media":26589,"comment_status":"","ping_status":"","sticky":false,"template":"","format":"standard","meta":{"footnotes":""},"categories":[142],"tags":[6660,114,115,753,2814,2538,32,33,7151,5456,151,2154],"class_list":{"0":"post-26588","1":"post","2":"type-post","3":"status-publish","4":"format-standard","5":"has-post-thumbnail","7":"category-tv","8":"tag-afonso-vale-tudo","9":"tag-entertainment","10":"tag-entretenimento","11":"tag-globo","12":"tag-humberto-carrao","13":"tag-manuela-dias","14":"tag-portugal","15":"tag-pt","16":"tag-raquel-vale-tudo","17":"tag-tais-araujo","18":"tag-tv","19":"tag-vale-tudo"},"share_on_mastodon":{"url":"","error":""},"_links":{"self":[{"href":"https:\/\/www.europesays.com\/pt\/wp-json\/wp\/v2\/posts\/26588","targetHints":{"allow":["GET"]}}],"collection":[{"href":"https:\/\/www.europesays.com\/pt\/wp-json\/wp\/v2\/posts"}],"about":[{"href":"https:\/\/www.europesays.com\/pt\/wp-json\/wp\/v2\/types\/post"}],"author":[{"embeddable":true,"href":"https:\/\/www.europesays.com\/pt\/wp-json\/wp\/v2\/users\/2"}],"replies":[{"embeddable":true,"href":"https:\/\/www.europesays.com\/pt\/wp-json\/wp\/v2\/comments?post=26588"}],"version-history":[{"count":0,"href":"https:\/\/www.europesays.com\/pt\/wp-json\/wp\/v2\/posts\/26588\/revisions"}],"wp:featuredmedia":[{"embeddable":true,"href":"https:\/\/www.europesays.com\/pt\/wp-json\/wp\/v2\/media\/26589"}],"wp:attachment":[{"href":"https:\/\/www.europesays.com\/pt\/wp-json\/wp\/v2\/media?parent=26588"}],"wp:term":[{"taxonomy":"category","embeddable":true,"href":"https:\/\/www.europesays.com\/pt\/wp-json\/wp\/v2\/categories?post=26588"},{"taxonomy":"post_tag","embeddable":true,"href":"https:\/\/www.europesays.com\/pt\/wp-json\/wp\/v2\/tags?post=26588"}],"curies":[{"name":"wp","href":"https:\/\/api.w.org\/{rel}","templated":true}]}}