{"id":26594,"date":"2025-08-12T18:13:14","date_gmt":"2025-08-12T18:13:14","guid":{"rendered":"https:\/\/www.europesays.com\/pt\/26594\/"},"modified":"2025-08-12T18:13:14","modified_gmt":"2025-08-12T18:13:14","slug":"madonna-tem-a-certeza-de-que-israel-nao-pode-proibir-o-papa-de-entrar-em-gaza-e-por-isso-faz-lhe-um-pedido","status":"publish","type":"post","link":"https:\/\/www.europesays.com\/pt\/26594\/","title":{"rendered":"Madonna tem a certeza de que Israel n\u00e3o pode proibir o Papa de entrar em Gaza e por isso faz-lhe um pedido"},"content":{"rendered":"<p>\t                &#8220;Como m\u00e3e, n\u00e3o suporto ver o sofrimento destas crian\u00e7as&#8221; em Gaza<\/p>\n<p>Madonna faz pedido ao Papa: visite Gaza \u201cantes que seja demasiado tarde\u201d <\/p>\n<p style=\"margin-bottom:11px\">por\u00a0<strong>Christian Edwards <\/strong>e\u00a0<strong>Catherine Nicholls<\/strong>, CNN<\/p>\n<p style=\"margin-bottom:11px\">\u00a0<\/p>\n<p style=\"margin-bottom:11px\">Madonna deixou um apelo ao Papa Le\u00e3o XIV para que visite Gaza numa miss\u00e3o humanit\u00e1ria que ajude as crian\u00e7as palestinianas que est\u00e3o a sofrer com a fome. \u201cJ\u00e1 n\u00e3o resta muito tempo\u201d, diz Madonna.<\/p>\n<p>O pedido da superestrela americana, que tem uma educa\u00e7\u00e3o cat\u00f3lica romana, foi feito numa publica\u00e7\u00e3o do Instagram esta segunda-feira. Nela implora ao Papa que visite o enclave.<\/p>\n<p>\u201cSanto Padre. Por favor, v\u00e1 a Gaza e leve a sua luz \u00e0s crian\u00e7as, antes que seja demasiado tarde demais. Como m\u00e3e, n\u00e3o suporto ver o sofrimento destas crian\u00e7as. As crian\u00e7as do mundo pertencem-nos a todos. Entre n\u00f3s, o Senhor \u00e9 o \u00fanico a quem n\u00e3o se pode negar a entrada\u201d.<\/p>\n<p>Madonna justifica o pedido para que Le\u00e3o XIV visite Gaza desta maneira: \u201ca pol\u00edtica n\u00e3o pode provocar mudan\u00e7a\u201d mas a \u201cconsci\u00eancia pode\u201d.<\/p>\n<blockquote class=\"instagram-media\" data-instgrm-captioned=\"\" data-instgrm-permalink=\"https:\/\/www.instagram.com\/p\/DNOYDvuip2x\/?utm_source=ig_embed&amp;utm_campaign=loading\" data-instgrm-version=\"14\" style=\" background:#FFF; border:0; border-radius:3px; box-shadow:0 0 1px 0 rgba(0,0,0,0.5),0 1px 10px 0 rgba(0,0,0,0.15); margin: 1px; max-width:540px; min-width:326px; padding:0; width:99.375%; width:-webkit-calc(100% - 2px); width:calc(100% - 2px);\">\n<\/blockquote>\n<p>A publica\u00e7\u00e3o foi feita no dia de anivers\u00e1rio de Rocco, filho de Madonna. A cantora explica que o melhor presente que podia dar ao filho seria \u201cpedir a todos que fa\u00e7am o que estiver ao seu alcance para ajudar a salvar as crian\u00e7as inocentes apanhadas no fogo cruzado em Gaza\u201d.<\/p>\n<p>A CNN contactou o Vaticano para obter um coment\u00e1rio.<\/p>\n<p>Desde o in\u00edcio do seu pontificado, em maio, o Papa tem sido firme nas suas cr\u00edticas \u00e0 guerra iniciada por Israel em Gaza, manifestando com frequ\u00eancia a sua preocupa\u00e7\u00e3o com os civis palestinianos que enfrentam os bombardeamentos israelitas.<\/p>\n<p>&#8220;Acompanho com grande preocupa\u00e7\u00e3o a terr\u00edvel situa\u00e7\u00e3o humanit\u00e1ria em Gaza, onde os civis sofrem de fome severa e permanecem expostos \u00e0 viol\u00eancia e \u00e0 morte&#8221;, disse em julho, apelando a um cessar-fogo.<\/p>\n<p>Segundo a UNICEF, a ag\u00eancia das Na\u00e7\u00f5es Unidas para a inf\u00e2ncia, mais de 18 mil crian\u00e7as foram mortas em Gaza desde o in\u00edcio da guerra em outubro de 2023.<\/p>\n<p>Em m\u00e9dia, s\u00e3o mortas 28 crian\u00e7as por dia naquele local, informou a ag\u00eancia na semana passada.<\/p>\n<p>Um bloqueio israelita \u00e0 ajuda destinada ao enclave resultou naquilo a que a Organiza\u00e7\u00e3o Mundial da Sa\u00fade (OMS) chamoa &#8220;fome em massa provocada pelo Homem&#8221;.<\/p>\n<p>Madonna clarificou que &#8220;n\u00e3o est\u00e1 a apontar dedos, a atribuir culpas ou a tomar partidos&#8221;.<\/p>\n<p>&#8220;Est\u00e3o todos a sofrer. Incluindo as m\u00e3es dos ref\u00e9ns. Rezo para que tamb\u00e9m sejam libertados&#8221;, afirmou.<\/p>\n<p>Uma das respostas \u00e0 publica\u00e7\u00e3o de Madonna veio do diretor-geral da OMS: Tedros Adhanom Ghebreyesus agradece \u00e0 cantora a &#8220;compaix\u00e3o, a solidariedade e o empenho em cuidar de todos os afetados pela crise de Gaza, especialmente as crian\u00e7as&#8221;.<\/p>\n<p>&#8220;\u00c9 algo extremamente necess\u00e1rio. A humanidade e a paz devem prevalecer&#8221;, acrescentou.<\/p>\n<p> <img decoding=\"async\" alt=\"\" src=\"https:\/\/www.europesays.com\/pt\/wp-content\/uploads\/2025\/08\/gettyimages-2228701873.jpg\" width=\"800\"\/><br \/>\n  <strong>Palestinianos famintos em Gaza esperam por comida num ponto de distribui\u00e7\u00e3o de ajuda, a 10 de agosto de 2025 <\/strong>foto Khames Alrefi\/Anadolu\/Getty Images <\/p>\n<p>Pelo menos 222 pessoas \u2013 incluindo 101 crian\u00e7as \u2013 morreram de subnutri\u00e7\u00e3o desde o in\u00edcio da guerra, segundo o Minist\u00e9rio da Sa\u00fade palestiniano.<\/p>\n<p>Ramesh Rajasingham, chefe do gabinete das Na\u00e7\u00f5es Unidas para a Coordena\u00e7\u00e3o de Assuntos Humanit\u00e1rios (OCHA, na sigla inglesa), afirmou o seguinte numa reuni\u00e3o do Conselho de Seguran\u00e7a da ONU no passado domingo: &#8220;Esta j\u00e1 n\u00e3o \u00e9 uma crise de fome iminente. \u00c9 pura e simplesmente fome&#8221;.<\/p>\n<p>Israel controla, com restri\u00e7\u00f5es, o fluxo de ajuda e de pessoal para o enclave.<\/p>\n<p>Em julho, num epis\u00f3dio raro, Israel permitiu a visita de dois l\u00edderes religiosos, ap\u00f3s ter atacado a \u00fanica igreja cat\u00f3lica de Gaza, matando tr\u00eas pessoas e ferindo muitas outras.<\/p>\n<p>A igreja serviu de abrigo \u00e0 pequena comunidade crist\u00e3 de Gaza durante quase dois anos de guerra.<\/p>\n<p>Desde ent\u00e3o, a crise de fome em Gaza agravou-se, com as imagens de crian\u00e7as com magreza extrema a ativarem os alertas a n\u00edvel global.<\/p>\n<p>&#8220;Precisamos que os port\u00f5es humanit\u00e1rios estejam totalmente abertos para salvar estas crian\u00e7as inocentes&#8221;, escreveu Madonna. E juntou: &#8220;J\u00e1 n\u00e3o h\u00e1 tempo. Por favor, diga que vai&#8221;.<\/p>\n<p>N\u00e3o se sabe ao certo se o governo do primeiro-ministro israelita, Benjamin Netanyahu, concederia a entrada do Papa no enclave. Contudo, o apelo de Madonna sublinha a crescente condena\u00e7\u00e3o desta guerra, que se arrasta h\u00e1 22 meses e que tem causado tens\u00e3o entre Israel e os seus aliados.<\/p>\n<p>Austr\u00e1lia, Canad\u00e1 e Fran\u00e7a anunciaram planos para reconhecer um Estado palestiniano. O Reino Unido afirmou no m\u00eas passado que ir\u00e1 reconhecer um Estado palestiniano em setembro se Israel n\u00e3o cumprir um conjunto de crit\u00e9rios, que incluem a aceita\u00e7\u00e3o de um cessar-fogo em Gaza.<\/p>\n<p>Os coment\u00e1rios de Madonna surgem numa altura em que um n\u00famero crescente de artistas, incluindo Massive Attack, Brian Eno e, mais recentemente, U2, t\u00eam dado destaque \u00e0 situa\u00e7\u00e3o humanit\u00e1ria em Gaza.<\/p>\n<p>Durante um espet\u00e1culo no final de 2023, Madonna criticou tamb\u00e9m os ataques liderados pelo Hamas, a 7 de outubro, contra Israel e a resposta militar israelita. Chamou-lhe \u201cuma guerra de partir o cora\u00e7\u00e3o\u201d.<\/p>\n<p>\t            <script async src=\"\/\/www.instagram.com\/embed.js\"><\/script><\/p>\n","protected":false},"excerpt":{"rendered":"&#8220;Como m\u00e3e, n\u00e3o suporto ver o sofrimento destas crian\u00e7as&#8221; em Gaza Madonna faz pedido ao Papa: visite Gaza&hellip;\n","protected":false},"author":2,"featured_media":26595,"comment_status":"","ping_status":"","sticky":false,"template":"","format":"standard","meta":{"footnotes":""},"categories":[50],"tags":[609,836,611,27,28,607,608,333,832,604,135,610,476,15,16,532,301,830,14,259,603,25,26,570,1046,21,22,831,833,62,834,12,13,19,20,835,602,5599,52,32,23,24,17,18,29,30,31,63,64,65],"class_list":{"0":"post-26594","1":"post","2":"type-post","3":"status-publish","4":"format-standard","5":"has-post-thumbnail","7":"category-mundo","8":"tag-alerta","9":"tag-analise","10":"tag-ao-minuto","11":"tag-breaking-news","12":"tag-breakingnews","13":"tag-cnn","14":"tag-cnn-portugal","15":"tag-comentadores","16":"tag-costa","17":"tag-crime","18":"tag-desporto","19":"tag-direto","20":"tag-economia","21":"tag-featured-news","22":"tag-featurednews","23":"tag-gaza","24":"tag-governo","25":"tag-guerra","26":"tag-headlines","27":"tag-israel","28":"tag-justica","29":"tag-latest-news","30":"tag-latestnews","31":"tag-live","32":"tag-madonna","33":"tag-main-news","34":"tag-mainnews","35":"tag-mais-vistas","36":"tag-marcelo","37":"tag-mundo","38":"tag-negocios","39":"tag-news","40":"tag-noticias","41":"tag-noticias-principais","42":"tag-noticiasprincipais","43":"tag-opiniao","44":"tag-pais","45":"tag-papa","46":"tag-politica","47":"tag-portugal","48":"tag-principais-noticias","49":"tag-principaisnoticias","50":"tag-top-stories","51":"tag-topstories","52":"tag-ultimas","53":"tag-ultimas-noticias","54":"tag-ultimasnoticias","55":"tag-world","56":"tag-world-news","57":"tag-worldnews"},"share_on_mastodon":{"url":"","error":""},"_links":{"self":[{"href":"https:\/\/www.europesays.com\/pt\/wp-json\/wp\/v2\/posts\/26594","targetHints":{"allow":["GET"]}}],"collection":[{"href":"https:\/\/www.europesays.com\/pt\/wp-json\/wp\/v2\/posts"}],"about":[{"href":"https:\/\/www.europesays.com\/pt\/wp-json\/wp\/v2\/types\/post"}],"author":[{"embeddable":true,"href":"https:\/\/www.europesays.com\/pt\/wp-json\/wp\/v2\/users\/2"}],"replies":[{"embeddable":true,"href":"https:\/\/www.europesays.com\/pt\/wp-json\/wp\/v2\/comments?post=26594"}],"version-history":[{"count":0,"href":"https:\/\/www.europesays.com\/pt\/wp-json\/wp\/v2\/posts\/26594\/revisions"}],"wp:featuredmedia":[{"embeddable":true,"href":"https:\/\/www.europesays.com\/pt\/wp-json\/wp\/v2\/media\/26595"}],"wp:attachment":[{"href":"https:\/\/www.europesays.com\/pt\/wp-json\/wp\/v2\/media?parent=26594"}],"wp:term":[{"taxonomy":"category","embeddable":true,"href":"https:\/\/www.europesays.com\/pt\/wp-json\/wp\/v2\/categories?post=26594"},{"taxonomy":"post_tag","embeddable":true,"href":"https:\/\/www.europesays.com\/pt\/wp-json\/wp\/v2\/tags?post=26594"}],"curies":[{"name":"wp","href":"https:\/\/api.w.org\/{rel}","templated":true}]}}